{"id":555,"date":"2012-11-21T17:49:12","date_gmt":"2012-11-21T16:49:12","guid":{"rendered":"http:\/\/www.elplafon.es\/w\/?page_id=555"},"modified":"2021-11-05T13:09:22","modified_gmt":"2021-11-05T12:09:22","slug":"puebla-de-don-rodrigo-ciudad-real","status":"publish","type":"post","link":"https:\/\/www.elplafon.es\/w\/croquis\/puebla-de-don-rodrigo-ciudad-real\/","title":{"rendered":"Puebla de Don Rodrigo (Ciudad Real)"},"content":{"rendered":"<ul>\n<li><a href=\"http:\/\/clipymas.blogspot.com.es\/2009\/11\/flm-frente-de-liberacion-de-la-montana.html\" target=\"_blank\" rel=\"noopener\">Frente de Liberaci\u00f3n de la Monta\u00f1a<\/a>.<\/li>\n<li><a href=\"http:\/\/jokaido.blogspot.com.es\/2011\/06\/puebla-de-don-rodrigo-fabada-manchega.html\" target=\"_blank\" rel=\"noopener\">Puebla de Don Rodrigo, Fabada Manchega, IV+, V+<\/a>.<\/li>\n<li><a title=\"V\u00eda Kina\" href=\"http:\/\/www.elplafon.es\/w\/croquis\/via-kina\/\">V\u00eda Kina<\/a>.<\/li>\n<li><a href=\"http:\/\/www.elplafon.es\/w\/croquis\/via-1-de-julio-croquis\/\" target=\"_blank\" rel=\"noopener\">V\u00eda 1 de julio<\/a>.<\/li>\n<li><a href=\"http:\/\/www.elplafon.es\/w\/croquis\/via-la-de-siempre-iv-v-v\/\">V\u00eda La de siempre (IV &#8211; V+ &#8211; V)<\/a>.<\/li>\n<li><a href=\"http:\/\/www.elplafon.es\/w\/croquis\/via-de-los-bomberos-iv-iv\/\">V\u00eda de los bomberos (IV &#8211; IV)<\/a>.<\/li>\n<li><a href=\"http:\/\/www.elplafon.es\/w\/croquis\/via-rompecoches-iv-6a\/\">V\u00eda Rompecoches (IV &#8211; 6a)<\/a>.<\/li>\n<\/ul>\n<hr \/>\n<p><a name=\"ListadoCompleto\"><\/a>Listado completo de v\u00edas de escalada en <a title=\"Puebla de Don Rodrigo\" href=\"http:\/\/es.wikipedia.org\/wiki\/Puebla_de_Don_Rodrigo\" target=\"_blank\" rel=\"noopener\">Puebla de Don Rodrigo<\/a>.<\/p>\n<div class=\"attachments\"><dl class=\"attachments attachments-large\"><dt class=\"icon\">\r\n\t<a title=\"Guia-PUEBLA-DON-RODRIGO-DEFINITIVA-1\" href=\"https:\/\/www.elplafon.es\/w\/croquis\/puebla-de-don-rodrigo-ciudad-real\/?aid=2684&amp;sa=0\">\r\n\t\t<img loading=\"lazy\" decoding=\"async\" src=\"https:\/\/www.elplafon.es\/w\/wp-content\/plugins\/eg-attachments\/img\/flags\/document.png\" width=\"48\" height=\"48\"  alt=\"Guia-PUEBLA-DON-RODRIGO-DEFINITIVA-1\" \/>\r\n\t<\/a>\r\n<\/dt>\r\n<dd class=\"caption\">\r\n\t<strong>T\u00edtulo<\/strong>: <a title=\"Guia-PUEBLA-DON-RODRIGO-DEFINITIVA-1\" href=\"https:\/\/www.elplafon.es\/w\/croquis\/puebla-de-don-rodrigo-ciudad-real\/?aid=2684&amp;sa=0\">Guia-PUEBLA-DON-RODRIGO-DEFINITIVA-1<\/a> (0 click)\r\n\t<br\/>\r\n\t<strong>Leyenda<\/strong>: \r\n\t<br\/>\r\n\t<strong>Filename<\/strong>: guia-puebla-don-rodrigo-definitiva-1.pdf\r\n\t<br\/>\r\n\t<strong>Size<\/strong>: 46 MB\r\n<\/dd>\r\n<\/dl><dl class=\"attachments attachments-large\"><dt class=\"icon\">\r\n\t<a title=\"Puebla.de.Don.Rodrigo.-.Accesos\" href=\"https:\/\/www.elplafon.es\/w\/croquis\/puebla-de-don-rodrigo-ciudad-real\/?aid=557&amp;sa=0\">\r\n\t\t<img loading=\"lazy\" decoding=\"async\" src=\"https:\/\/www.elplafon.es\/w\/wp-content\/plugins\/eg-attachments\/img\/flags\/document.png\" width=\"48\" height=\"48\"  alt=\"Puebla.de.Don.Rodrigo.-.Accesos\" \/>\r\n\t<\/a>\r\n<\/dt>\r\n<dd class=\"caption\">\r\n\t<strong>T\u00edtulo<\/strong>: <a title=\"Puebla.de.Don.Rodrigo.-.Accesos\" href=\"https:\/\/www.elplafon.es\/w\/croquis\/puebla-de-don-rodrigo-ciudad-real\/?aid=557&amp;sa=0\">Puebla.de.Don.Rodrigo.-.Accesos<\/a> (0 click)\r\n\t<br\/>\r\n\t<strong>Leyenda<\/strong>: \r\n\t<br\/>\r\n\t<strong>Filename<\/strong>: puebla-de-don-rodrigo-accesos.pdf\r\n\t<br\/>\r\n\t<strong>Size<\/strong>: 606 KB\r\n<\/dd>\r\n<\/dl><dl class=\"attachments attachments-large\"><dt class=\"icon\">\r\n\t<a title=\"Puebla.de.Don.Rodrigo.-.Croquis\" href=\"https:\/\/www.elplafon.es\/w\/croquis\/puebla-de-don-rodrigo-ciudad-real\/?aid=558&amp;sa=0\">\r\n\t\t<img loading=\"lazy\" decoding=\"async\" src=\"https:\/\/www.elplafon.es\/w\/wp-content\/plugins\/eg-attachments\/img\/flags\/document.png\" width=\"48\" height=\"48\"  alt=\"Puebla.de.Don.Rodrigo.-.Croquis\" \/>\r\n\t<\/a>\r\n<\/dt>\r\n<dd class=\"caption\">\r\n\t<strong>T\u00edtulo<\/strong>: <a title=\"Puebla.de.Don.Rodrigo.-.Croquis\" href=\"https:\/\/www.elplafon.es\/w\/croquis\/puebla-de-don-rodrigo-ciudad-real\/?aid=558&amp;sa=0\">Puebla.de.Don.Rodrigo.-.Croquis<\/a> (0 click)\r\n\t<br\/>\r\n\t<strong>Leyenda<\/strong>: \r\n\t<br\/>\r\n\t<strong>Filename<\/strong>: puebla-de-don-rodrigo-croquis.pdf\r\n\t<br\/>\r\n\t<strong>Size<\/strong>: 629 KB\r\n<\/dd>\r\n<\/dl><dl class=\"attachments attachments-large\"><dt class=\"icon\">\r\n\t<a title=\"Puebla.de.Don.Rodrigo.-.Listado.de.Vias\" href=\"https:\/\/www.elplafon.es\/w\/croquis\/puebla-de-don-rodrigo-ciudad-real\/?aid=559&amp;sa=0\">\r\n\t\t<img loading=\"lazy\" decoding=\"async\" src=\"https:\/\/www.elplafon.es\/w\/wp-content\/plugins\/eg-attachments\/img\/flags\/document.png\" width=\"48\" height=\"48\"  alt=\"Puebla.de.Don.Rodrigo.-.Listado.de.Vias\" \/>\r\n\t<\/a>\r\n<\/dt>\r\n<dd class=\"caption\">\r\n\t<strong>T\u00edtulo<\/strong>: <a title=\"Puebla.de.Don.Rodrigo.-.Listado.de.Vias\" href=\"https:\/\/www.elplafon.es\/w\/croquis\/puebla-de-don-rodrigo-ciudad-real\/?aid=559&amp;sa=0\">Puebla.de.Don.Rodrigo.-.Listado.de.Vias<\/a> (0 click)\r\n\t<br\/>\r\n\t<strong>Leyenda<\/strong>: \r\n\t<br\/>\r\n\t<strong>Filename<\/strong>: puebla-de-don-rodrigo-listado-de-vias.pdf\r\n\t<br\/>\r\n\t<strong>Size<\/strong>: 28 KB\r\n<\/dd>\r\n<\/dl><p><\/p><\/div>\n\n\n<div data-wp-interactive=\"core\/file\" class=\"wp-block-file\"><object data-wp-bind--hidden=\"!state.hasPdfPreview\" hidden class=\"wp-block-file__embed\" data=\"http:\/\/www.elplafon.es\/w\/wp-content\/uploads\/2021\/11\/Guia-PUEBLA-DON-RODRIGO-DEFINITIVA-1.pdf\" type=\"application\/pdf\" style=\"width:100%;height:600px\" aria-label=\"Incrustado de Incrustado de Guia-PUEBLA-DON-RODRIGO-DEFINITIVA-1..\"><\/object><a href=\"http:\/\/www.elplafon.es\/w\/wp-content\/uploads\/2021\/11\/Guia-PUEBLA-DON-RODRIGO-DEFINITIVA-1.pdf\">Guia-PUEBLA-DON-RODRIGO-DEFINITIVA-1<\/a><a href=\"http:\/\/www.elplafon.es\/w\/wp-content\/uploads\/2021\/11\/Guia-PUEBLA-DON-RODRIGO-DEFINITIVA-1.pdf\" class=\"wp-block-file__button\" download>Descarga<\/a><\/div>\n\n\n\n<p><\/p>\n","protected":false},"excerpt":{"rendered":"<p>Frente de Liberaci\u00f3n de la Monta\u00f1a. Puebla de Don Rodrigo, Fabada Manchega, IV+, V+. V\u00eda Kina. V\u00eda 1 de julio. V\u00eda La de siempre (IV &#8211; V+ &#8211; V). V\u00eda de los bomberos (IV &#8211; IV). V\u00eda Rompecoches (IV &#8211; 6a). Listado completo de v\u00edas de escalada en Puebla de Don Rodrigo.<\/p>\n","protected":false},"author":2,"featured_media":0,"comment_status":"closed","ping_status":"closed","sticky":false,"template":"","format":"standard","meta":{"footnotes":""},"categories":[13],"tags":[],"class_list":["post-555","post","type-post","status-publish","format-standard","hentry","category-croquis","odd"],"_links":{"self":[{"href":"https:\/\/www.elplafon.es\/w\/wp-json\/wp\/v2\/posts\/555","targetHints":{"allow":["GET"]}}],"collection":[{"href":"https:\/\/www.elplafon.es\/w\/wp-json\/wp\/v2\/posts"}],"about":[{"href":"https:\/\/www.elplafon.es\/w\/wp-json\/wp\/v2\/types\/post"}],"author":[{"embeddable":true,"href":"https:\/\/www.elplafon.es\/w\/wp-json\/wp\/v2\/users\/2"}],"replies":[{"embeddable":true,"href":"https:\/\/www.elplafon.es\/w\/wp-json\/wp\/v2\/comments?post=555"}],"version-history":[{"count":13,"href":"https:\/\/www.elplafon.es\/w\/wp-json\/wp\/v2\/posts\/555\/revisions"}],"predecessor-version":[{"id":2686,"href":"https:\/\/www.elplafon.es\/w\/wp-json\/wp\/v2\/posts\/555\/revisions\/2686"}],"wp:attachment":[{"href":"https:\/\/www.elplafon.es\/w\/wp-json\/wp\/v2\/media?parent=555"}],"wp:term":[{"taxonomy":"category","embeddable":true,"href":"https:\/\/www.elplafon.es\/w\/wp-json\/wp\/v2\/categories?post=555"},{"taxonomy":"post_tag","embeddable":true,"href":"https:\/\/www.elplafon.es\/w\/wp-json\/wp\/v2\/tags?post=555"}],"curies":[{"name":"wp","href":"https:\/\/api.w.org\/{rel}","templated":true}]}}