{"id":548,"date":"2012-11-21T17:40:08","date_gmt":"2012-11-21T16:40:08","guid":{"rendered":"http:\/\/www.elplafon.es\/w\/?page_id=548"},"modified":"2012-11-21T18:18:48","modified_gmt":"2012-11-21T17:18:48","slug":"entrepenas-guadalajara","status":"publish","type":"post","link":"https:\/\/www.elplafon.es\/w\/croquis\/entrepenas-guadalajara\/","title":{"rendered":"Entrepe\u00f1as (Guadalajara)"},"content":{"rendered":"<p>Croquis de las v\u00edas de escalada de Entrepe\u00f1as, en <a title=\"Saced\u00f3n\" href=\"http:\/\/es.wikipedia.org\/wiki\/Saced%C3%B3n\" target=\"_blank\" rel=\"noopener\">Saced\u00f3n<\/a> (Guadalajara):<\/p>\n<p><strong><span style=\"color: #ff0000;\">Nota<\/span><\/strong>: Esta escuela de escalada no est\u00e1 equipada por miembros del Club Deportivo El Plaf\u00f3n.<\/p>\n<p><img loading=\"lazy\" decoding=\"async\" class=\"alignnone size-full wp-image-551\" title=\"ENTREPE\u00d1AS - Medio_e_inferior1\" src=\"http:\/\/www.elplafon.es\/w\/wp-content\/uploads\/2012\/11\/ENTREPE\u00d1AS-Medio_e_inferior1.jpg\" alt=\"\" width=\"566\" height=\"800\" srcset=\"https:\/\/www.elplafon.es\/w\/wp-content\/uploads\/2012\/11\/ENTREPE\u00d1AS-Medio_e_inferior1.jpg 566w, https:\/\/www.elplafon.es\/w\/wp-content\/uploads\/2012\/11\/ENTREPE\u00d1AS-Medio_e_inferior1-212x300.jpg 212w\" sizes=\"auto, (max-width: 566px) 100vw, 566px\" \/><\/p>\n<p><img loading=\"lazy\" decoding=\"async\" class=\"alignnone size-full wp-image-552\" title=\"ENTREPE\u00d1AS - Principal_a_y_b1\" src=\"http:\/\/www.elplafon.es\/w\/wp-content\/uploads\/2012\/11\/ENTREPE\u00d1AS-Principal_a_y_b1.jpg\" alt=\"\" width=\"566\" height=\"800\" srcset=\"https:\/\/www.elplafon.es\/w\/wp-content\/uploads\/2012\/11\/ENTREPE\u00d1AS-Principal_a_y_b1.jpg 566w, https:\/\/www.elplafon.es\/w\/wp-content\/uploads\/2012\/11\/ENTREPE\u00d1AS-Principal_a_y_b1-212x300.jpg 212w\" sizes=\"auto, (max-width: 566px) 100vw, 566px\" \/><\/p>\n<p><strong><span style=\"color: #ff0000;\">Aviso<\/span>: Nos han llegado avisos sobre un bloque que podr\u00eda ser peligroso situado en la v\u00eda numerada como 47. Es un bloque de piedra grande, que por su tama\u00f1o incita a ser usado, pero que corre riesgo de desprenderse. Por lo tanto \u00a1tened cuidado!<\/strong><\/p>\n","protected":false},"excerpt":{"rendered":"<p>Croquis de las v\u00edas de escalada de Entrepe\u00f1as, en Saced\u00f3n (Guadalajara): Nota: Esta escuela de escalada no est\u00e1 equipada por miembros del Club Deportivo El Plaf\u00f3n. Aviso: Nos han llegado avisos sobre un bloque que podr\u00eda ser peligroso situado en la v\u00eda numerada como 47. Es un bloque de piedra grande, que por su tama\u00f1o [&hellip;]<\/p>\n","protected":false},"author":2,"featured_media":551,"comment_status":"closed","ping_status":"closed","sticky":false,"template":"","format":"standard","meta":{"footnotes":""},"categories":[13],"tags":[],"class_list":["post-548","post","type-post","status-publish","format-standard","has-post-thumbnail","hentry","category-croquis","odd"],"_links":{"self":[{"href":"https:\/\/www.elplafon.es\/w\/wp-json\/wp\/v2\/posts\/548","targetHints":{"allow":["GET"]}}],"collection":[{"href":"https:\/\/www.elplafon.es\/w\/wp-json\/wp\/v2\/posts"}],"about":[{"href":"https:\/\/www.elplafon.es\/w\/wp-json\/wp\/v2\/types\/post"}],"author":[{"embeddable":true,"href":"https:\/\/www.elplafon.es\/w\/wp-json\/wp\/v2\/users\/2"}],"replies":[{"embeddable":true,"href":"https:\/\/www.elplafon.es\/w\/wp-json\/wp\/v2\/comments?post=548"}],"version-history":[{"count":4,"href":"https:\/\/www.elplafon.es\/w\/wp-json\/wp\/v2\/posts\/548\/revisions"}],"predecessor-version":[{"id":568,"href":"https:\/\/www.elplafon.es\/w\/wp-json\/wp\/v2\/posts\/548\/revisions\/568"}],"wp:featuredmedia":[{"embeddable":true,"href":"https:\/\/www.elplafon.es\/w\/wp-json\/wp\/v2\/media\/551"}],"wp:attachment":[{"href":"https:\/\/www.elplafon.es\/w\/wp-json\/wp\/v2\/media?parent=548"}],"wp:term":[{"taxonomy":"category","embeddable":true,"href":"https:\/\/www.elplafon.es\/w\/wp-json\/wp\/v2\/categories?post=548"},{"taxonomy":"post_tag","embeddable":true,"href":"https:\/\/www.elplafon.es\/w\/wp-json\/wp\/v2\/tags?post=548"}],"curies":[{"name":"wp","href":"https:\/\/api.w.org\/{rel}","templated":true}]}}