{"id":490,"date":"2012-04-09T10:51:05","date_gmt":"2012-04-09T08:51:05","guid":{"rendered":"http:\/\/www.elplafon.es\/w\/climbing-party-2012\/"},"modified":"2013-01-05T14:04:21","modified_gmt":"2013-01-05T13:04:21","slug":"climbing-party-2012","status":"publish","type":"post","link":"https:\/\/www.elplafon.es\/w\/noticias\/climbing-party-2012\/","title":{"rendered":"Climbing Party 2012"},"content":{"rendered":"<p><img loading=\"lazy\" decoding=\"async\" class=\"aligncenter size-full wp-image-1307\" alt=\"cartel climbing 2012\" src=\"http:\/\/www.elplafon.es\/w\/wp-content\/uploads\/2012\/04\/cartel-climbing-2012.jpg\" width=\"800\" height=\"1132\" srcset=\"https:\/\/www.elplafon.es\/w\/wp-content\/uploads\/2012\/04\/cartel-climbing-2012.jpg 800w, https:\/\/www.elplafon.es\/w\/wp-content\/uploads\/2012\/04\/cartel-climbing-2012-212x300.jpg 212w\" sizes=\"auto, (max-width: 800px) 100vw, 800px\" \/><br \/>\n<!--more--><br \/>\nEl Plaf\u00f3n organiza otro a\u00f1o m\u00e1s la tradicional <strong>Climbing Party<\/strong>, los d\u00edas <strong>20, 21 y 22 de abril<\/strong>; este a\u00f1o en tierras madrile\u00f1as.<br \/>\nNos vamos a <strong>San Mart\u00edn de Valdeiglesias<\/strong>, situado en las <strong>proximidades del embalse de San Juan<\/strong>, sobre el r\u00edo Alberche, a 69 km al suroeste de la capital; a la <strong>Escuela de la Ermita Virgen de la Nueva<\/strong>; una escuela con 200 v\u00edas de granito, generalmente placa vertical y desplomada con canto. Lo m\u00e1s parecido en caliza pero sobre granito. Adjuntamos algunos datos de: como llegar, una gu\u00eda pr\u00e1ctica, los diferentes sectores y algunos croquis que nos ha facilitado Braulio del <strong>Club de Monta\u00f1a Las Cabreras<\/strong> el cual tiene editado una gu\u00eda en Cd (al m\u00f3dico precio de 7 euros) de las 5 escuelas cercanas a San Mart\u00edn de Vadeiglesias, con ello contribuimos al mantenimiento de estas escuelas para poder ir a disfrutar de ellas. Si alguno est\u00e1 interesado en adquirir dicha gu\u00eda puede contactar con Braulio a trav\u00e9s de su Web <a href=\"http:\/\/www.braulioexposito.com\" target=\"_blank\" rel=\"noopener\">www.braulioexposito.com<\/a> , \u00f3:<\/p>\n<ul>\n<li><strong>Bar Ortiz<\/strong> al lado de Caja de Madrid (San Mart\u00edn de Valdeiglesias)<\/li>\n<li><strong>Bar Poincar\u00e9<\/strong> enfrente de Caja de Madrid (San Mart\u00edn de Valdeiglesias)<\/li>\n<li><strong>Restaurante A Puertagallola<\/strong>, enfrente de la plaza de toros (San Mart\u00edn de valdeiglesias)<\/li>\n<li><strong>Restaurante Virgen de la Nueva o Argentina<\/strong>. Zona de ba\u00f1o y chiringuitos de la Virgen de la Nueva en el pantano de San Juan a 7 km de San Mart\u00edn de Valdeiglesias y cerca de la zona de escalada<\/li>\n<\/ul>\n<p>El viernes como no saldremos todos juntos, si alguien sale pronto antes de llegar a San Mart\u00edn de Valdeiglesias, en<strong> Cadalso de los Vidrios<\/strong> hay una escuela con <strong>70 v\u00edas con un potencial enorme<\/strong>, de granito, generalmente de placa semivertical de canto peque\u00f1o y adherencia.<br \/>\nPor la noche nos reuniremos todos conforme vayamos llegando en el aparcamiento de la Ermita; cervezitas, cena, un poquito de charla y a dormir para aprovechar el s\u00e1bado escalando hasta que no podamos m\u00e1s.<\/p>\n<p>El s\u00e1bado escalada deportiva conjuntamente con el Club Las Cabreras (equipadores de la escuela), por la noche barbacoa (en hornillos porque no se puede hacer fuego ), habr\u00e1 slackline, cerveza, charlas y risas.<\/p>\n<p>El domingo, m\u00e1s escalada conjuntamente con el Club Las Cabreras hasta la tarde que nos tendremos que volver despu\u00e9s de haber pasado un gran fin de semana.<\/p>\n<ul>\n<li><strong>Ruta Ciudad Real-Ermita Virgen de la Nueva:<\/strong> <a href=\"http:\/\/maps.google.es\/maps?saddr=ciudad+real&amp;daddr=Ctra+de+la+Virgen+de+la+Nueva&amp;hl=es&amp;ll=40.316185,-4.390411&amp;spn=0.261779,0.438766&amp;sll=39.6963,-4.08093&amp;sspn=2.11335,3.510132&amp;geocode=FXzhUgIdLBPE_ymb9y9QLcJrDTGQR0y-80ADBA%3BFRiMaAIdeh69_w&amp;t=h&amp;mra=ls&amp;z=11\" target=\"_blank\" rel=\"noopener\">Aqu\u00ed<\/a>.<\/li>\n<li><strong>Coordenadas de la Ermita:<\/strong><br \/>\nLatitud: 40\u00ba 24\u00b4 21,91\u00b4\u00b4 N<br \/>\nLongitud: 4\u00ba 23\u00b4 0,49\u00b4\u00b4 W<\/li>\n<\/ul>\n<p>&nbsp;<\/p>\n<ul>\n<li><strong>Ruta Ermita Virgen de la Nueva-Escuela:<\/strong> <a href=\"http:\/\/maps.google.es\/maps?saddr=Ctra+de+la+Virgen+de+la+Nueva&amp;daddr=40.401928,-4.380927&amp;hl=es&amp;sll=40.405196,-4.383459&amp;sspn=0.01634,0.027423&amp;geocode=FRiMaAIdeh69_w%3B&amp;t=h&amp;mra=me&amp;mrsp=1&amp;sz=15&amp;z=15\" target=\"_blank\" rel=\"noopener\">Aqu\u00ed<\/a>.<\/li>\n<li><strong>Coordenadas de la Escuela:<br \/>\n<\/strong>Latitud: 40\u00ba 24\u00b4 7,02\u00b4\u00b4 N<br \/>\nLongitud: 4\u00ba 22\u00b4 55,78\u00b4\u00b4 W<\/li>\n<\/ul>\n<p>As\u00ed que vamos metiendo en la mochila las ganas de pasarlo bien e id <strong>confirmando la asistencia<\/strong> para comprar la carne de la fogobarbacoa.<\/p>\n<p>Nos vemos en la roc@<\/p>\n","protected":false},"excerpt":{"rendered":"","protected":false},"author":2,"featured_media":489,"comment_status":"open","ping_status":"closed","sticky":false,"template":"","format":"standard","meta":{"footnotes":""},"categories":[10],"tags":[50,24,19],"class_list":["post-490","post","type-post","status-publish","format-standard","has-post-thumbnail","hentry","category-noticias","tag-actividades","tag-el-plafon","tag-escalada","odd"],"_links":{"self":[{"href":"https:\/\/www.elplafon.es\/w\/wp-json\/wp\/v2\/posts\/490","targetHints":{"allow":["GET"]}}],"collection":[{"href":"https:\/\/www.elplafon.es\/w\/wp-json\/wp\/v2\/posts"}],"about":[{"href":"https:\/\/www.elplafon.es\/w\/wp-json\/wp\/v2\/types\/post"}],"author":[{"embeddable":true,"href":"https:\/\/www.elplafon.es\/w\/wp-json\/wp\/v2\/users\/2"}],"replies":[{"embeddable":true,"href":"https:\/\/www.elplafon.es\/w\/wp-json\/wp\/v2\/comments?post=490"}],"version-history":[{"count":6,"href":"https:\/\/www.elplafon.es\/w\/wp-json\/wp\/v2\/posts\/490\/revisions"}],"predecessor-version":[{"id":1361,"href":"https:\/\/www.elplafon.es\/w\/wp-json\/wp\/v2\/posts\/490\/revisions\/1361"}],"wp:featuredmedia":[{"embeddable":true,"href":"https:\/\/www.elplafon.es\/w\/wp-json\/wp\/v2\/media\/489"}],"wp:attachment":[{"href":"https:\/\/www.elplafon.es\/w\/wp-json\/wp\/v2\/media?parent=490"}],"wp:term":[{"taxonomy":"category","embeddable":true,"href":"https:\/\/www.elplafon.es\/w\/wp-json\/wp\/v2\/categories?post=490"},{"taxonomy":"post_tag","embeddable":true,"href":"https:\/\/www.elplafon.es\/w\/wp-json\/wp\/v2\/tags?post=490"}],"curies":[{"name":"wp","href":"https:\/\/api.w.org\/{rel}","templated":true}]}}