{"id":483,"date":"2012-01-31T07:17:35","date_gmt":"2012-01-31T06:17:35","guid":{"rendered":"http:\/\/www.elplafon.es\/w\/las-cuatro-estaciones\/"},"modified":"2013-01-02T01:33:19","modified_gmt":"2013-01-02T00:33:19","slug":"las-cuatro-estaciones","status":"publish","type":"post","link":"https:\/\/www.elplafon.es\/w\/articulos\/las-cuatro-estaciones\/","title":{"rendered":"Las cuatro estaciones"},"content":{"rendered":"<p><img loading=\"lazy\" decoding=\"async\" class=\"aligncenter size-full wp-image-984\" alt=\"cuatro-estaciones-pepe\" src=\"http:\/\/www.elplafon.es\/w\/wp-content\/uploads\/2012\/01\/cuatro-estaciones-pepe.jpg\" width=\"800\" height=\"600\" srcset=\"https:\/\/www.elplafon.es\/w\/wp-content\/uploads\/2012\/01\/cuatro-estaciones-pepe.jpg 800w, https:\/\/www.elplafon.es\/w\/wp-content\/uploads\/2012\/01\/cuatro-estaciones-pepe-300x225.jpg 300w\" sizes=\"auto, (max-width: 800px) 100vw, 800px\" \/><\/p>\n<p>Nuestro compa\u00f1ero Pepe, junto con varios socios m\u00e1s del club, estuvieron este domingo en <a href=\"http:\/\/es.wikipedia.org\/wiki\/Espiel\" target=\"_blank\" rel=\"noopener\">Espiel<\/a> (C\u00f3rdoba).<\/p>\n<p>All\u00ed, junto con Emilio, escalaron Las cuatro estaciones (6c). El resto de gente escal\u00f3 otras v\u00edas de la zona.<\/p>\n<p>Ten\u00e9is la cr\u00f3nica completa en su <a href=\"http:\/\/www.jokaido.blogspot.com\/2012\/01\/las-cuatro-estaciones.html\" target=\"_blank\" rel=\"noopener\">blog<\/a>.<\/p>\n","protected":false},"excerpt":{"rendered":"<p>Nuestro compa\u00f1ero Pepe, junto con varios socios m\u00e1s del club, estuvieron este domingo en Espiel (C\u00f3rdoba). All\u00ed, junto con Emilio, escalaron Las cuatro estaciones (6c). El resto de gente escal\u00f3 otras v\u00edas de la zona. Ten\u00e9is la cr\u00f3nica completa en su blog.<\/p>\n","protected":false},"author":2,"featured_media":0,"comment_status":"open","ping_status":"closed","sticky":false,"template":"","format":"standard","meta":{"footnotes":""},"categories":[9],"tags":[31],"class_list":["post-483","post","type-post","status-publish","format-standard","hentry","category-articulos","tag-resenas","odd"],"_links":{"self":[{"href":"https:\/\/www.elplafon.es\/w\/wp-json\/wp\/v2\/posts\/483","targetHints":{"allow":["GET"]}}],"collection":[{"href":"https:\/\/www.elplafon.es\/w\/wp-json\/wp\/v2\/posts"}],"about":[{"href":"https:\/\/www.elplafon.es\/w\/wp-json\/wp\/v2\/types\/post"}],"author":[{"embeddable":true,"href":"https:\/\/www.elplafon.es\/w\/wp-json\/wp\/v2\/users\/2"}],"replies":[{"embeddable":true,"href":"https:\/\/www.elplafon.es\/w\/wp-json\/wp\/v2\/comments?post=483"}],"version-history":[{"count":5,"href":"https:\/\/www.elplafon.es\/w\/wp-json\/wp\/v2\/posts\/483\/revisions"}],"predecessor-version":[{"id":774,"href":"https:\/\/www.elplafon.es\/w\/wp-json\/wp\/v2\/posts\/483\/revisions\/774"}],"wp:attachment":[{"href":"https:\/\/www.elplafon.es\/w\/wp-json\/wp\/v2\/media?parent=483"}],"wp:term":[{"taxonomy":"category","embeddable":true,"href":"https:\/\/www.elplafon.es\/w\/wp-json\/wp\/v2\/categories?post=483"},{"taxonomy":"post_tag","embeddable":true,"href":"https:\/\/www.elplafon.es\/w\/wp-json\/wp\/v2\/tags?post=483"}],"curies":[{"name":"wp","href":"https:\/\/api.w.org\/{rel}","templated":true}]}}