{"id":450,"date":"2011-10-10T07:08:52","date_gmt":"2011-10-10T05:08:52","guid":{"rendered":"http:\/\/www.elplafon.es\/w\/riglos-el-puro-6b-seron-millan-6a\/"},"modified":"2013-01-02T13:30:36","modified_gmt":"2013-01-02T12:30:36","slug":"riglos-el-puro-6b-seron-millan-6a","status":"publish","type":"post","link":"https:\/\/www.elplafon.es\/w\/articulos\/riglos-el-puro-6b-seron-millan-6a\/","title":{"rendered":"Riglos. El Puro (6b) + Ser\u00f3n-Mill\u00e1n (6a)"},"content":{"rendered":"<p style=\"text-align: center;\"><img loading=\"lazy\" decoding=\"async\" class=\"aligncenter  wp-image-1157\" alt=\"Edu rapelando el Puro\" src=\"http:\/\/www.elplafon.es\/w\/wp-content\/uploads\/2011\/10\/riglos-puro-rapel.jpg\" width=\"720\" height=\"960\" srcset=\"https:\/\/www.elplafon.es\/w\/wp-content\/uploads\/2011\/10\/riglos-puro-rapel.jpg 1200w, https:\/\/www.elplafon.es\/w\/wp-content\/uploads\/2011\/10\/riglos-puro-rapel-225x300.jpg 225w, https:\/\/www.elplafon.es\/w\/wp-content\/uploads\/2011\/10\/riglos-puro-rapel-800x1066.jpg 800w\" sizes=\"auto, (max-width: 720px) 100vw, 720px\" \/><br \/>\nEl pasado fin de semana Rosa, Jorge, Miguel Romero, Miguel Rojas, Miguel Cerezo, Jose, Edu y Sevi nos acerc\u00e1bamos de nuevo a los <a href=\"http:\/\/es.wikipedia.org\/wiki\/Mallos_de_Riglos\" target=\"_blank\" rel=\"noopener\">Mallos de Riglos<\/a> a escalar varias v\u00edas de la zona.<br \/>\nLa cordada Romero-Rojas iba a por la v\u00eda <strong>Rabad\u00e1-Navarro al Fir\u00e9 (350m \/ 6b+)<\/strong>, una v\u00eda espectacular que no es apta para todos los p\u00fablicos.<br \/>\nLas cordada Jorge-Rosa le tirar\u00eda al <strong>Puro (6b)<\/strong>. Las cordadadas Cere-Jose y Edu-Sevi le tirar\u00edan tambi\u00e9n al Puro, continuando luego con la <strong>Ser\u00f3n-Mill\u00e1n (6a)<\/strong> para completar as\u00ed el Mallo Pis\u00f3n.<br \/>\nFotos tomadas por la cordada Romero-Rojas mientras hacian la Rabad\u00e1-Navarro al Fir\u00e9.<br \/>\n<img decoding=\"async\" style=\"margin: 5px;\" alt=\"\" src=\"https:\/\/lh6.googleusercontent.com\/-2I9MAogTnhM\/TqfcK77zzzI\/AAAAAAAACpY\/oihyf7RPK54\/s640\/P1010978.JPG\" \/><br \/>\n<img decoding=\"async\" style=\"margin: 5px;\" alt=\"\" src=\"https:\/\/lh6.googleusercontent.com\/-v-O3ClVsZaQ\/TqfcLEQKprI\/AAAAAAAACpc\/MVDykZ8f_rg\/s640\/P1010977.JPG\" \/><br \/>\n<img decoding=\"async\" style=\"margin: 5px;\" alt=\"\" src=\"https:\/\/lh4.googleusercontent.com\/-lkwI6HTixd0\/TqfcMDgMZYI\/AAAAAAAACpk\/5J6axOIPrDs\/s640\/P1010975.JPG\" \/><\/p>\n<p><embed type=\"application\/x-shockwave-flash\" src=\"https:\/\/picasaweb.google.com\/s\/c\/bin\/slideshow.swf\" width=\"600\" height=\"400\" flashvars=\"host=picasaweb.google.com&#038;captions=1&#038;hl=es&#038;feat=flashalbum&#038;RGB=0x000000&#038;feed=https%3A%2F%2Fpicasaweb.google.com%2Fdata%2Ffeed%2Fapi%2Fuser%2F108042953429830027081%2Falbumid%2F5661781819813313585%3Falt%3Drss%26kind%3Dphoto%26hl%3Des\" pluginspage=\"http:\/\/www.macromedia.com\/go\/getflashplayer\"><\/embed><br \/>\n<strong>Rese\u00f1as:<\/strong><\/p>\n<ul>\n<li><a href=\"http:\/\/a0avista.blogspot.com\/2009\/03\/la-normal-del-puro-riglos.html\" target=\"_blank\" rel=\"noopener\">http:\/\/a0avista.blogspot.com\/2009\/03\/la-normal-del-puro-riglos.html<\/a><\/li>\n<li><a href=\"http:\/\/a0avista.blogspot.com\/2010\/04\/seron-millan-mallo-pison-riglos-resena_26.html\" target=\"_blank\" rel=\"noopener\">http:\/\/a0avista.blogspot.com\/2010\/04\/seron-millan-mallo-pison-riglos-resena_26.html<\/a><\/li>\n<\/ul>\n","protected":false},"excerpt":{"rendered":"<p>El pasado fin de semana Rosa, Jorge, Miguel Romero, Miguel Rojas, Miguel Cerezo, Jose, Edu y Sevi nos acerc\u00e1bamos de nuevo a los Mallos de Riglos a escalar varias v\u00edas de la zona. La cordada Romero-Rojas iba a por la v\u00eda Rabad\u00e1-Navarro al Fir\u00e9 (350m \/ 6b+), una v\u00eda espectacular que no es apta para [&hellip;]<\/p>\n","protected":false},"author":2,"featured_media":0,"comment_status":"open","ping_status":"closed","sticky":false,"template":"","format":"standard","meta":{"footnotes":""},"categories":[9],"tags":[31],"class_list":["post-450","post","type-post","status-publish","format-standard","hentry","category-articulos","tag-resenas","odd"],"_links":{"self":[{"href":"https:\/\/www.elplafon.es\/w\/wp-json\/wp\/v2\/posts\/450","targetHints":{"allow":["GET"]}}],"collection":[{"href":"https:\/\/www.elplafon.es\/w\/wp-json\/wp\/v2\/posts"}],"about":[{"href":"https:\/\/www.elplafon.es\/w\/wp-json\/wp\/v2\/types\/post"}],"author":[{"embeddable":true,"href":"https:\/\/www.elplafon.es\/w\/wp-json\/wp\/v2\/users\/2"}],"replies":[{"embeddable":true,"href":"https:\/\/www.elplafon.es\/w\/wp-json\/wp\/v2\/comments?post=450"}],"version-history":[{"count":4,"href":"https:\/\/www.elplafon.es\/w\/wp-json\/wp\/v2\/posts\/450\/revisions"}],"predecessor-version":[{"id":1156,"href":"https:\/\/www.elplafon.es\/w\/wp-json\/wp\/v2\/posts\/450\/revisions\/1156"}],"wp:attachment":[{"href":"https:\/\/www.elplafon.es\/w\/wp-json\/wp\/v2\/media?parent=450"}],"wp:term":[{"taxonomy":"category","embeddable":true,"href":"https:\/\/www.elplafon.es\/w\/wp-json\/wp\/v2\/categories?post=450"},{"taxonomy":"post_tag","embeddable":true,"href":"https:\/\/www.elplafon.es\/w\/wp-json\/wp\/v2\/tags?post=450"}],"curies":[{"name":"wp","href":"https:\/\/api.w.org\/{rel}","templated":true}]}}