{"id":427,"date":"2011-07-29T23:42:53","date_gmt":"2011-07-29T21:42:53","guid":{"rendered":"http:\/\/www.elplafon.es\/w\/escalada-naranjo-de-bulnes-vias-sur-directa-y-rabada-navarro\/"},"modified":"2013-01-02T02:50:04","modified_gmt":"2013-01-02T01:50:04","slug":"picos-de-europa-2011-escalada-naranjo-de-bulnes-vias-sur-directa","status":"publish","type":"post","link":"https:\/\/www.elplafon.es\/w\/articulos\/picos-de-europa-2011-escalada-naranjo-de-bulnes-vias-sur-directa\/","title":{"rendered":"Picos de Europa 2011. Escalada Naranjo de Bulnes. V\u00edas Sur directa"},"content":{"rendered":"<p>El d\u00eda 20 nos desplazamos varios miembros del plaf\u00f3n a escalar el Naranjo de Bulnes, unas cordadas por una cara y otras por otras. El caso era no dejar de asediar al picu hasta que se dejara subir, y lo conseguimos todos.<\/p>\n<p>Se consiguieron las siguientes v\u00edas:<\/p>\n<ul>\n<li>Cepeda, cara este.<\/li>\n<li>Pidal-Cainejo, cara norte.<\/li>\n<li>Directa de los Mart\u00ednez, cara sur.<\/li>\n<li>Rabad\u00e1-Navarro, en la cara oeste.<\/li>\n<\/ul>\n<p>Yo voy a hablar de las v\u00edas Directa de los Mart\u00ednez y Rabada-Navarro. De las otras ya se ha ocupado Sevi en el <a href=\"http:\/\/www.elplafon.es\/w\/articulos\/picos-de-europa-2011-escalada-al-naranjo-por-las-vias-cepeda-y-pidal-cainejo\/\">siguiente enlace<\/a>:<\/p>\n<h1>Via directa de los Mart\u00ednez.<\/h1>\n<h2>Cara sur IV+ 165 mts + 150 mts de trepada<\/h2>\n<p>Es la v\u00eda mas f\u00e1cil y corta para ascender al picu, pero no por ello dejar de ser un bonita escalada por canalizos. Esta muy transitada, y los rapeles para bajar coinciden con las reuniones de esta v\u00eda, por lo tanto interesa madrugar de cara a evitar atascos en las reuniones y posibles ca\u00edda de piedras.<\/p>\n<p>Rese\u00f1a v\u00eda<\/p>\n<p>Ibamos dos cordadas, en una miguel romero, carmen y pedro y en otra miguel rojas con gema.<\/p>\n<p>Empieza con un largo corto de V- con tendencia hacia la derecha, que en el momento de nuestra escalada tenia un taco de madera con cordido recien puesto, los otros largos son evidentes, siendo el penultimo largo el mas bonito, ya que discurre por canalizos de gran adherencia, en los cuales vas empotrando pies y pinzando con las manos. Despues largo facil de tercero, y trepada sin cuerda a la cumbre.<\/p>\n<p>Al llegar arriba precioso mar de nubes y vistas increibles. La virgencita de la cumbre sigue perdida con lo que habr\u00e1 que esperar nuevos programas de quien sabe donde para ver d\u00f3nde co\u00f1o est\u00e1.<\/p>\n<figure style=\"width: 800px\" class=\"wp-caption aligncenter\"><img loading=\"lazy\" decoding=\"async\" alt=\"\" src=\"https:\/\/lh5.googleusercontent.com\/-_SdVG7xdnck\/UOONmURI2uI\/AAAAAAAAC_o\/VusydvixW0s\/s800\/L1-directa-martinez.jpg\" width=\"800\" height=\"600\" \/><figcaption class=\"wp-caption-text\">Primer largo<\/figcaption><\/figure>\n<figure style=\"width: 800px\" class=\"wp-caption aligncenter\"><img loading=\"lazy\" decoding=\"async\" alt=\"\" src=\"https:\/\/lh5.googleusercontent.com\/-P8dESPQSz0U\/UOONnDzteXI\/AAAAAAAAC_w\/6U-FEi1evzc\/s800\/R4-directa-martinez.jpg\" width=\"800\" height=\"600\" \/><figcaption class=\"wp-caption-text\">En la R4<\/figcaption><\/figure>\n<figure style=\"width: 800px\" class=\"wp-caption alignright\"><img loading=\"lazy\" decoding=\"async\" alt=\"\" src=\"https:\/\/lh3.googleusercontent.com\/-6nlH-WG8W20\/UOONrjuNjoI\/AAAAAAAADAE\/OWKg9dz5l4s\/s800\/quinto-largo-directa-martinez.jpg\" width=\"800\" height=\"600\" \/><figcaption class=\"wp-caption-text\">Quinto largo<\/figcaption><\/figure>\n<figure style=\"width: 800px\" class=\"wp-caption alignright\"><img loading=\"lazy\" decoding=\"async\" alt=\"\" src=\"https:\/\/lh5.googleusercontent.com\/-2AjH1XKm8DM\/UOONr4pOi4I\/AAAAAAAADAI\/ccaQXVZWShQ\/s800\/miguel-gema-arista-cimera-directa-martinez.jpg\" width=\"800\" height=\"600\" \/><figcaption class=\"wp-caption-text\">Miguel y Gema en la arista cimera<\/figcaption><\/figure>\n<figure style=\"width: 800px\" class=\"wp-caption alignright\"><img loading=\"lazy\" decoding=\"async\" alt=\"\" src=\"https:\/\/lh6.googleusercontent.com\/-rdT0zrOi4Io\/UOONpJfCrLI\/AAAAAAAAC_8\/fVb1-Jqbtk4\/s800\/foto-cumbre-directa-martinez.jpg\" width=\"800\" height=\"600\" \/><figcaption class=\"wp-caption-text\">Miguel y Gema en la arista cimera<\/figcaption><\/figure>\n<figure style=\"width: 800px\" class=\"wp-caption alignright\"><img loading=\"lazy\" decoding=\"async\" alt=\"\" src=\"https:\/\/lh5.googleusercontent.com\/-HMNuzyARuzU\/UOONljsfzfI\/AAAAAAAAC_k\/cW6Mn87tPrM\/s800\/carmen-directa-martinez.jpg\" width=\"800\" height=\"600\" \/><figcaption class=\"wp-caption-text\">Carmen contemplando el mar de nubes<\/figcaption><\/figure>\n<figure style=\"width: 800px\" class=\"wp-caption alignright\"><img loading=\"lazy\" decoding=\"async\" alt=\"\" src=\"https:\/\/lh6.googleusercontent.com\/-rdT0zrOi4Io\/UOONpJfCrLI\/AAAAAAAAC_8\/fVb1-Jqbtk4\/s800\/foto-cumbre-directa-martinez.jpg\" width=\"800\" height=\"600\" \/><figcaption class=\"wp-caption-text\">Todos en la cumbre<\/figcaption><\/figure>\n","protected":false},"excerpt":{"rendered":"<p>El d\u00eda 20 nos desplazamos varios miembros del plaf\u00f3n a escalar el Naranjo de Bulnes, unas cordadas por una cara y otras por otras. El caso era no dejar de asediar al picu hasta que se dejara subir, y lo conseguimos todos. Se consiguieron las siguientes v\u00edas: Cepeda, cara este. Pidal-Cainejo, cara norte. Directa de [&hellip;]<\/p>\n","protected":false},"author":2,"featured_media":407,"comment_status":"open","ping_status":"closed","sticky":false,"template":"","format":"standard","meta":{"footnotes":""},"categories":[9],"tags":[31],"class_list":["post-427","post","type-post","status-publish","format-standard","has-post-thumbnail","hentry","category-articulos","tag-resenas","odd"],"_links":{"self":[{"href":"https:\/\/www.elplafon.es\/w\/wp-json\/wp\/v2\/posts\/427","targetHints":{"allow":["GET"]}}],"collection":[{"href":"https:\/\/www.elplafon.es\/w\/wp-json\/wp\/v2\/posts"}],"about":[{"href":"https:\/\/www.elplafon.es\/w\/wp-json\/wp\/v2\/types\/post"}],"author":[{"embeddable":true,"href":"https:\/\/www.elplafon.es\/w\/wp-json\/wp\/v2\/users\/2"}],"replies":[{"embeddable":true,"href":"https:\/\/www.elplafon.es\/w\/wp-json\/wp\/v2\/comments?post=427"}],"version-history":[{"count":7,"href":"https:\/\/www.elplafon.es\/w\/wp-json\/wp\/v2\/posts\/427\/revisions"}],"predecessor-version":[{"id":778,"href":"https:\/\/www.elplafon.es\/w\/wp-json\/wp\/v2\/posts\/427\/revisions\/778"}],"wp:featuredmedia":[{"embeddable":true,"href":"https:\/\/www.elplafon.es\/w\/wp-json\/wp\/v2\/media\/407"}],"wp:attachment":[{"href":"https:\/\/www.elplafon.es\/w\/wp-json\/wp\/v2\/media?parent=427"}],"wp:term":[{"taxonomy":"category","embeddable":true,"href":"https:\/\/www.elplafon.es\/w\/wp-json\/wp\/v2\/categories?post=427"},{"taxonomy":"post_tag","embeddable":true,"href":"https:\/\/www.elplafon.es\/w\/wp-json\/wp\/v2\/tags?post=427"}],"curies":[{"name":"wp","href":"https:\/\/api.w.org\/{rel}","templated":true}]}}