{"id":406,"date":"2011-07-25T16:29:11","date_gmt":"2011-07-25T14:29:11","guid":{"rendered":"http:\/\/www.elplafon.es\/w\/picos-de-europa-2011-escalada-al-naranjo-por-las-vias-cepeda-y-pidal-cainejo\/"},"modified":"2013-01-02T08:45:58","modified_gmt":"2013-01-02T07:45:58","slug":"picos-de-europa-2011-escalada-al-naranjo-por-las-vias-cepeda-y-pidal-cainejo","status":"publish","type":"post","link":"https:\/\/www.elplafon.es\/w\/articulos\/picos-de-europa-2011-escalada-al-naranjo-por-las-vias-cepeda-y-pidal-cainejo\/","title":{"rendered":"Picos de Europa 2011. Escalada al Naranjo de Bulnes por las v\u00edas Cepeda y Pidal-Cainejo"},"content":{"rendered":"<p><img loading=\"lazy\" decoding=\"async\" src=\"http:\/\/www.elplafon.es\/w\/wp-content\/uploads\/2011\/07\/naranjo-bulnes.jpg\" alt=\"naranjo-bulnes\" width=\"800\" height=\"1067\" class=\"aligncenter size-full wp-image-1011\" srcset=\"https:\/\/www.elplafon.es\/w\/wp-content\/uploads\/2011\/07\/naranjo-bulnes.jpg 800w, https:\/\/www.elplafon.es\/w\/wp-content\/uploads\/2011\/07\/naranjo-bulnes-224x300.jpg 224w\" sizes=\"auto, (max-width: 800px) 100vw, 800px\" \/><br \/>\nEntre los d&iacute;as 20 y 24 de julio un grupo numeroso de escaladores de El Plaf&oacute;n han estado por tierras asturianas. Su proposito, disfrutar de tan increibles parajes en Picos de Europa y escalar el m&iacute;tico Picu Urriellu o <a href=\"http:\/\/es.wikipedia.org\/wiki\/Naranjo_de_Bulnes\" target=\"_blank\" rel=\"noopener\">Naranjo de Bulnes<\/a> (2518 m).<br \/>\nLos integrantes de la expedici&oacute;n eran Carmen, Gema, Miguel Romero, Miguel Rojas, Rub&eacute;n, Daniel, Chairo, Ibone, Sevi, Jorge, David, Miguel Garc&iacute;a y Pedro.<br \/>\nCada uno llevaba sus propios objetivos, aunque todos compart&iacute;an el de disfrutar.<br \/>\nEl primer d\u00eda se crearon varias cordadas. Por un lado Rub\u00e9n y Daniel y por otro Ibone, Chairo y Sevi, subir\u00edan al Naranjo por la V\u00eda Cepeda. Por otro Miguel Romero, Miguel Rojas, Gema, Carmen y Pedro subir\u00edan por la Sur Directa.<\/p>\n<h1>V\u00eda Cepeda.<\/h1>\n<p>La V\u00eda Cepeda discurre por la cara este del Naranjo de Bulnes. Tiene 9 largos con una dificultad m\u00e1xima de V+, aunque justo en el \u00faltimo largo.<\/p>\n<p>Se trata de una v\u00eda asequible y muy disfrutona.<\/p>\n<p><img decoding=\"async\" style=\"margin: 5px auto; display: block;\" alt=\"\" src=\"https:\/\/lh6.googleusercontent.com\/-cZf1D_9yvu8\/TiycP2aqT6I\/AAAAAAAAjXk\/3smPw2oCFuY\/s640\/P1030080.JPG\" \/><\/p>\n<p><img decoding=\"async\" style=\"margin: 5px auto; display: block;\" alt=\"\" src=\"https:\/\/lh6.googleusercontent.com\/-xu9oxvz2IqE\/TiycUm6j5YI\/AAAAAAAAjXw\/Kflly61Vn_M\/s640\/P1030085.JPG\" \/><\/p>\n<h1>V\u00eda Pidal-Cainejo.<\/h1>\n<p>La v\u00eda Pidal-Cainejo se trata de una v\u00eda emblem\u00e1tica en el Naranjo de Bulnes. Fue la ruta elegida por <a href=\"http:\/\/es.wikipedia.org\/wiki\/Gregorio_P%C3%A9rez_Demar%C3%ADa\" target=\"_blank\" rel=\"noopener\">Gregorio P\u00e9rez<\/a> (El Cainejo) y <a href=\"http:\/\/es.wikipedia.org\/wiki\/Pedro_Pidal_y_Bernaldo_de_Quir%C3%B3s\" target=\"_blank\" rel=\"noopener\">Pedro Pidal<\/a> (Marqu\u00e9s de Villaviciosa de Asturias) para realizar la primera ascensi\u00f3n al Naranjo de Bulnes, el 5 de agosto de 1904.<\/p>\n<p><img decoding=\"async\" style=\"margin: 5px auto; display: block;\" alt=\"\" src=\"https:\/\/lh5.googleusercontent.com\/-FpS0mLf3SZ4\/TiydGaMXzSI\/AAAAAAAAjaY\/fRK7j9xwyEg\/s640\/P1030199.JPG\" \/><\/p>\n<p>Se trata de una ruta de no excesiva dificultad, con un grado m\u00e1ximo de V- y una longitud de 450 m. Sin embargo, no hay que dejarse enga\u00f1ar por los n\u00fameros. Se trata de una v\u00eda bastante peligrosa dado que la roca est\u00e1 muy descompuesta y con bastante frecuencia caen rocas que pueden dar alg\u00fan susto incluso ocasionar alg\u00fan desastre. Adem\u00e1s en su \u00faltima parte discurre por zonas de umbr\u00eda y puede hacer bastante fr\u00edo.<\/p>\n<p><img decoding=\"async\" style=\"margin: 5px auto; display: block;\" alt=\"\" src=\"https:\/\/lh3.googleusercontent.com\/-LOLjzp_9qKw\/TiydJteE5WI\/AAAAAAAAjag\/VX1CvZTNijI\/s640\/P1030205.JPG\" \/><\/p>\n<p>Por lo dem\u00e1s es una escalada que se difruta y se queda grabada en la memoria.<\/p>\n<p>A modo de resumen, una actividad espectacular, que a pesar del mal tiempo ha salido bien y que nos ha dejado un muy buen sabor de boca&#8230; y ganas de volver.<\/p>\n<p style=\"text-align: center;\"><object width=\"600\" height=\"400\" classid=\"clsid:d27cdb6e-ae6d-11cf-96b8-444553540000\" codebase=\"http:\/\/download.macromedia.com\/pub\/shockwave\/cabs\/flash\/swflash.cab#version=6,0,40,0\"><param name=\"flashvars\" value=\"host=picasaweb.google.com&amp;captions=1&amp;noautoplay=1&amp;hl=es&amp;feat=flashalbum&amp;RGB=0x000000&amp;feed=https%3A%2F%2Fpicasaweb.google.com%2Fdata%2Ffeed%2Fapi%2Fuser%2FMiguel.Sevillano%2Falbumid%2F5633048341307818481%3Falt%3Drss%26kind%3Dphoto%26hl%3Des\" \/><param name=\"pluginspage\" value=\"http:\/\/www.macromedia.com\/go\/getflashplayer\" \/><param name=\"src\" value=\"https:\/\/picasaweb.google.com\/s\/c\/bin\/slideshow.swf\" \/><embed width=\"600\" height=\"400\" type=\"application\/x-shockwave-flash\" src=\"https:\/\/picasaweb.google.com\/s\/c\/bin\/slideshow.swf\" flashvars=\"host=picasaweb.google.com&amp;captions=1&amp;noautoplay=1&amp;hl=es&amp;feat=flashalbum&amp;RGB=0x000000&amp;feed=https%3A%2F%2Fpicasaweb.google.com%2Fdata%2Ffeed%2Fapi%2Fuser%2FMiguel.Sevillano%2Falbumid%2F5633048341307818481%3Falt%3Drss%26kind%3Dphoto%26hl%3Des\" pluginspage=\"http:\/\/www.macromedia.com\/go\/getflashplayer\" \/><\/object><\/p>\n","protected":false},"excerpt":{"rendered":"<p>Entre los d&iacute;as 20 y 24 de julio un grupo numeroso de escaladores de El Plaf&oacute;n han estado por tierras asturianas. Su proposito, disfrutar de tan increibles parajes en Picos de Europa y escalar el m&iacute;tico Picu Urriellu o Naranjo de Bulnes (2518 m). Los integrantes de la expedici&oacute;n eran Carmen, Gema, Miguel Romero, Miguel [&hellip;]<\/p>\n","protected":false},"author":2,"featured_media":0,"comment_status":"open","ping_status":"closed","sticky":false,"template":"","format":"standard","meta":{"footnotes":""},"categories":[9],"tags":[31],"class_list":["post-406","post","type-post","status-publish","format-standard","hentry","category-articulos","tag-resenas","odd"],"_links":{"self":[{"href":"https:\/\/www.elplafon.es\/w\/wp-json\/wp\/v2\/posts\/406","targetHints":{"allow":["GET"]}}],"collection":[{"href":"https:\/\/www.elplafon.es\/w\/wp-json\/wp\/v2\/posts"}],"about":[{"href":"https:\/\/www.elplafon.es\/w\/wp-json\/wp\/v2\/types\/post"}],"author":[{"embeddable":true,"href":"https:\/\/www.elplafon.es\/w\/wp-json\/wp\/v2\/users\/2"}],"replies":[{"embeddable":true,"href":"https:\/\/www.elplafon.es\/w\/wp-json\/wp\/v2\/comments?post=406"}],"version-history":[{"count":5,"href":"https:\/\/www.elplafon.es\/w\/wp-json\/wp\/v2\/posts\/406\/revisions"}],"predecessor-version":[{"id":779,"href":"https:\/\/www.elplafon.es\/w\/wp-json\/wp\/v2\/posts\/406\/revisions\/779"}],"wp:attachment":[{"href":"https:\/\/www.elplafon.es\/w\/wp-json\/wp\/v2\/media?parent=406"}],"wp:term":[{"taxonomy":"category","embeddable":true,"href":"https:\/\/www.elplafon.es\/w\/wp-json\/wp\/v2\/categories?post=406"},{"taxonomy":"post_tag","embeddable":true,"href":"https:\/\/www.elplafon.es\/w\/wp-json\/wp\/v2\/tags?post=406"}],"curies":[{"name":"wp","href":"https:\/\/api.w.org\/{rel}","templated":true}]}}