{"id":398,"date":"2011-05-05T08:56:54","date_gmt":"2011-05-05T06:56:54","guid":{"rendered":"http:\/\/www.elplafon.es\/w\/the-hardest-of-the-alps\/"},"modified":"2012-11-25T12:53:08","modified_gmt":"2012-11-25T11:53:08","slug":"the-hardest-of-the-alps","status":"publish","type":"post","link":"https:\/\/www.elplafon.es\/w\/s3-videos\/the-hardest-of-the-alps\/","title":{"rendered":"The hardest of the Alps"},"content":{"rendered":"<p>Este pr\u00f3ximo verano har\u00e1 un a\u00f1o desde que los Pou consiguieron su trilog\u00eda alpina, \u201cthe hardest of the Alps\u201d, en la que encadenaron las 3 v\u00edas de pared m\u00e1s duras de los Alpes: \u201cSolo Per Vechi Guerreri\u201d, \u201cPanaroma\u201d y \u201cZahir\u201d. En su momento ya vimos los videos de Damiano Levati. Pero ahora llega el montaje definitivo conjunto. Impresionantes im\u00e1genes, emocionantes palabras de Manolo, Alex Huber, los Pou&#8230;<\/p>\n<p>&nbsp;<\/p>\n<p style=\"text-align: center;\"><iframe loading=\"lazy\" src=\"http:\/\/player.vimeo.com\/video\/22990491?title=0&amp;byline=0&amp;portrait=0\" frameborder=\"0\" width=\"549\" height=\"309\"><\/iframe><\/p>\n<p>Visto en <a href=\"http:\/\/www.barrabes.com\/revista\/noticias\/2-7014\/the-hardest-of-the-alps.html\" target=\"_blank\" rel=\"noopener\">Barrab\u00e9s<\/a>.<\/p>\n","protected":false},"excerpt":{"rendered":"<p>Este pr\u00f3ximo verano har\u00e1 un a\u00f1o desde que los Pou consiguieron su trilog\u00eda alpina, \u201cthe hardest of the Alps\u201d, en la que encadenaron las 3 v\u00edas de pared m\u00e1s duras de los Alpes: \u201cSolo Per Vechi Guerreri\u201d, \u201cPanaroma\u201d y \u201cZahir\u201d. En su momento ya vimos los videos de Damiano Levati. Pero ahora llega el montaje [&hellip;]<\/p>\n","protected":false},"author":2,"featured_media":0,"comment_status":"open","ping_status":"closed","sticky":false,"template":"","format":"standard","meta":{"footnotes":""},"categories":[11],"tags":[19],"class_list":["post-398","post","type-post","status-publish","format-standard","hentry","category-s3-videos","tag-escalada","odd"],"_links":{"self":[{"href":"https:\/\/www.elplafon.es\/w\/wp-json\/wp\/v2\/posts\/398","targetHints":{"allow":["GET"]}}],"collection":[{"href":"https:\/\/www.elplafon.es\/w\/wp-json\/wp\/v2\/posts"}],"about":[{"href":"https:\/\/www.elplafon.es\/w\/wp-json\/wp\/v2\/types\/post"}],"author":[{"embeddable":true,"href":"https:\/\/www.elplafon.es\/w\/wp-json\/wp\/v2\/users\/2"}],"replies":[{"embeddable":true,"href":"https:\/\/www.elplafon.es\/w\/wp-json\/wp\/v2\/comments?post=398"}],"version-history":[{"count":2,"href":"https:\/\/www.elplafon.es\/w\/wp-json\/wp\/v2\/posts\/398\/revisions"}],"predecessor-version":[{"id":846,"href":"https:\/\/www.elplafon.es\/w\/wp-json\/wp\/v2\/posts\/398\/revisions\/846"}],"wp:attachment":[{"href":"https:\/\/www.elplafon.es\/w\/wp-json\/wp\/v2\/media?parent=398"}],"wp:term":[{"taxonomy":"category","embeddable":true,"href":"https:\/\/www.elplafon.es\/w\/wp-json\/wp\/v2\/categories?post=398"},{"taxonomy":"post_tag","embeddable":true,"href":"https:\/\/www.elplafon.es\/w\/wp-json\/wp\/v2\/tags?post=398"}],"curies":[{"name":"wp","href":"https:\/\/api.w.org\/{rel}","templated":true}]}}