{"id":391,"date":"2011-03-15T10:34:20","date_gmt":"2011-03-15T09:34:20","guid":{"rendered":"http:\/\/www.elplafon.es\/w\/escalada-en-los-mallos-de-riglos\/"},"modified":"2013-01-02T08:59:18","modified_gmt":"2013-01-02T07:59:18","slug":"escalada-en-los-mallos-de-riglos","status":"publish","type":"post","link":"https:\/\/www.elplafon.es\/w\/articulos\/escalada-en-los-mallos-de-riglos\/","title":{"rendered":"Escalada en los mallos de Riglos"},"content":{"rendered":"<p><img loading=\"lazy\" decoding=\"async\" class=\"aligncenter size-full wp-image-1018\" alt=\"mallos-riglos-puro\" src=\"http:\/\/www.elplafon.es\/w\/wp-content\/uploads\/2011\/03\/mallos-riglos-puro.jpg\" width=\"640\" height=\"480\" srcset=\"https:\/\/www.elplafon.es\/w\/wp-content\/uploads\/2011\/03\/mallos-riglos-puro.jpg 640w, https:\/\/www.elplafon.es\/w\/wp-content\/uploads\/2011\/03\/mallos-riglos-puro-300x225.jpg 300w\" sizes=\"auto, (max-width: 640px) 100vw, 640px\" \/><br \/>\nEl fin de semana del 5 y 6 de marzo, nos acercamos a escalar a <a href=\"http:\/\/es.wikipedia.org\/wiki\/Riglos\" target=\"_blank\" rel=\"noopener\">Riglos<\/a> varios miembros del plaf\u00f3n (Carlos, Juan, miguel rojas, miguel romero y cere manchego afincado en Barcelona, ana y Jimena futura plafonera) para subir el puro (v\u00eda normal 6b), el pison (ser\u00f3n-Mill\u00e1n 6a) y la visera (mosquitos 6a-).<br \/>\nSolo llegar y ver los mallos, te acelera el pulso, y es que el sitio es espectacular y visita obligada para todo escalador.<br \/>\nSitio c\u00f3modo para dormir en el pueblo, en un aparcamiento, la aproximaci\u00f3n a la v\u00edas 10 minutos, y el descenso en rapel o andando al pueblo para tomar unas cervezas disfrutando de este marco incomparable. Que m\u00e1s podemos pedir.<\/p>\n<p><img decoding=\"async\" style=\"margin: 5px auto; display: block;\" alt=\"Los Mallos de Riglos\" src=\"https:\/\/lh6.googleusercontent.com\/_YHfWiOHxw8E\/TX9D0PFCFjI\/AAAAAAAACdg\/mLYBhSDOFdo\/s640\/1_2011-03-14.JPG\" \/><\/p>\n<p>&nbsp;<\/p>\n<div style=\"text-align: center;\"><strong><span style=\"text-decoration: underline;\">El Puro. V\u00eda normal 6b 250mts<\/span><\/strong><\/div>\n<p>&nbsp;<\/p>\n<p>Hicimos dos cordadas, en una Miguel Rojas-Cere-Miguel Romero, y en otra Carlos-Juan.<br \/>\nSe empieza por cara norte, as\u00ed que en la primera parte de la v\u00eda toco pasar un poco de frio, sobre todo en las manos, sin problemas para gente curtida del plaf\u00f3n.<br \/>\nA la roca cuesta un poco cogerle el punto, ya que no te f\u00edas mucho de los bolos, parece que en cualquier momento se van a arrancar de la pared con el consiguiente vuelo, aunque hay que decir que el equipamiento es excelente, parabolt, alejando las chapas en los pasos f\u00e1ciles, pero bien puestas en sus pasos dif\u00edciles.<br \/>\nPrimer largo muy guapo y a\u00e9reo, luego le sigue otro hasta la reuni\u00f3n en la famosa cueva, donde tanto sufrieron los primeros ascensionistas. Con un paso de 6a+ que estaba un poco mojado, pero muy bien chapado para un posible A0, se supera esta.<br \/>\nLuego viene la chimenea hasta el bloque empotrado, la escalada hasta aqu\u00ed se hace por diedros y chimeneas sin mucho patio, pero una vez llegas al bloque empotrado y te colocas en la cara sur y miras para abajo el ambiente es acojonante, te sales por el espol\u00f3n, para realizar los tres \u00faltimos largos, que se pueden hacer perfectamente en dos, el primero de V+ te pone a punto, para los dos siguientes de 6a y 6b, ambos se pueden hacer en A0 perfectamente, y son pasos aislados de bloque en sendas panzas.<br \/>\nQue decir, simplemente, incre\u00edble la ascensi\u00f3n al puro. La cumbre es flipante, y la reuni\u00f3n de foto, tres clavos en tierra, uno fuera, otro se mov\u00eda y el tercero mejor ni mirarlo (algo a mejorar, ya que si la v\u00eda no estuviera equipada pues sabes a lo que vas pero estando tambi\u00e9n equipada la v\u00eda, esto no deber\u00eda estar asi). Pero bueno estando all\u00ed arriba en lo que menos piensa uno es en la reuni\u00f3n, parece que en cualquier momento el puro va a partirse y va a caer hacia el vac\u00edo con nosotros encima.<br \/>\nDescenso: pasamanos hasta el rapel de 50 m que te deja en el bloque empotrado y una vez all\u00ed 3 r\u00e1peles por la misma v\u00eda hasta el suelo.<br \/>\nno dej\u00e9is de ver el documental sobre el puro, no tiene desperdicio y te pone los pelos de punta, pod\u00e9is descargarlo aqu\u00ed.<br \/>\n<a href=\"http:\/\/www.megaupload.com\/?d=M6OZZIU6\" target=\"_blank\" rel=\"nofollow noopener\">www.megaupload.com\/?d=M6OZZIU6<\/a><\/p>\n<p>Rese\u00f1a e historia:<br \/>\n<a href=\"http:\/\/a0avista.blogspot.com\/2008\/12\/el-puro-riglos-primeros-intentos.html\" target=\"_blank\" rel=\"nofollow noopener\">a0avista.blogspot.com\/2008\/12\/el-puro-ri&#8230;imeros-intentos.html<\/a><br \/>\n<a href=\"http:\/\/a0avista.blogspot.com\/2009\/03\/la-normal-del-puro-riglos.html\" target=\"_blank\" rel=\"nofollow noopener\">a0avista.blogspot.com\/2009\/03\/la-normal-del-puro-riglos.html<\/a><\/p>\n<p><img decoding=\"async\" style=\"margin: 5px auto; display: block;\" alt=\"El Puro\" src=\"https:\/\/lh5.googleusercontent.com\/_YHfWiOHxw8E\/TX9EesbzRjI\/AAAAAAAACeM\/w6HgufpSfas\/s640\/CopiadeDSCN0769.JPG\" \/><\/p>\n<p>Primer largo:<\/p>\n<p><img decoding=\"async\" style=\"margin: 5px auto; display: block;\" alt=\"Primer largo\" src=\"https:\/\/lh4.googleusercontent.com\/_YHfWiOHxw8E\/TX9EdIRYuXI\/AAAAAAAACdk\/dxGHCrC1bBw\/s640\/2_2011-03-14.JPG\" \/>Salida de la cueva (6a+):<\/p>\n<p><img decoding=\"async\" style=\"margin: 5px auto; display: block;\" alt=\"Salida de la cueva\" src=\"https:\/\/lh4.googleusercontent.com\/_YHfWiOHxw8E\/TX9EdOAIC0I\/AAAAAAAACds\/mfdMgQCsJQg\/s640\/3_2011-03-14.JPG\" \/><\/p>\n<p>Reuni\u00f3n en la cumbre del Puro:<\/p>\n<p><img decoding=\"async\" style=\"margin: 5px auto; display: block;\" alt=\"Reuni\u00f3n en la cumbre del Puro\" src=\"https:\/\/lh5.googleusercontent.com\/_YHfWiOHxw8E\/TX9Eduj3HNI\/AAAAAAAACdw\/ZR69hemEzNE\/s640\/4a.JPG\" \/><\/p>\n<p>Foto en la cumbre del Puro:<\/p>\n<p><img decoding=\"async\" style=\"margin: 5px;\" alt=\"Foto en la cumbre del Puro\" src=\"https:\/\/lh3.googleusercontent.com\/_YHfWiOHxw8E\/TX9EdOnDHiI\/AAAAAAAACdo\/92L57Chjdjs\/s640\/4_2011-03-14.JPG\" \/><\/p>\n<p>&nbsp;<\/p>\n<p>&nbsp;<\/p>\n<div style=\"text-align: center;\"><strong><span style=\"text-decoration: underline;\">Pison. Ser\u00f3n-Mill\u00e1n 6a 200mts<\/span><\/strong><\/div>\n<p>Despu\u00e9s de rapelar el primer rapel del puro, Miguel Rojas, Cere y yo, continuamos escalando por la segunda parte de la ser\u00f3n-Mill\u00e1n otros 200 mts<br \/>\nDesde el bloque empotrado en el collado que separa el puro del Pis\u00f3n se hace una traves\u00eda de IV+ hacia la derecha, para coger una chimenea que se va abriendo seg\u00fan vas progresando, son 6 largos que nosotros hicimos en tres para ganar tiempo, solo tiene un paso de 6a en el ultimo largo el resto es V+ bien equipado, aunque las chapas alejan bastante, pero es f\u00e1cil y las chapas est\u00e1n en su sitio.<br \/>\nBonita manera de subir al pison, a trav\u00e9s del puro, de una forma bonita y con grado asequible. La cumbre del Pis\u00f3n, despu\u00e9s de haber estado un rato antes en la del puro, deja que desear pero las vistas de todo Riglos son muy guapas. V\u00eda del todo recomendable.<br \/>\nEl descenso, son cuatro r\u00e1peles con destrepes por ferrata entre ellos, el ultimo rapel es de 60 metros volados por una oquedad de la pared, buena despedida del Pis\u00f3n.<br \/>\nEn los r\u00e1peles nos juntamos con unos vascos, y surgi\u00f3 la pregunta, \u00bfvosotros que hab\u00e9is hecho? Y contesta el t\u00edo: esta tarde la murciana al Pis\u00f3n (300mts 6c casi toda la v\u00eda desplomada) y esta ma\u00f1ana la fiesta del b\u00edceps (250mts 7a de puro desplome)<br \/>\nNos quedamos flipaos, solo ten\u00e9is que ver fotos de ambas v\u00edas en Internet.<br \/>\nRese\u00f1a:<br \/>\n<a href=\"http:\/\/a0avista.blogspot.com\/2010\/04\/seron-millan-mallo-pison-riglos-resena_26.html\" target=\"_blank\" rel=\"nofollow noopener\">a0avista.blogspot.com\/2010\/04\/seron-mill&#8230;iglos-resena_26.html<\/a><br \/>\n<a href=\"http:\/\/a0avista.blogspot.com\/2010\/04\/seron-millan-al-mallo-pison-riglos-1.html\" target=\"_blank\" rel=\"nofollow noopener\">a0avista.blogspot.com\/2010\/04\/seron-mill&#8230;-pison-riglos-1.html<\/a><\/p>\n<p><img decoding=\"async\" style=\"margin: 5px auto; display: block;\" alt=\"Primer largo por la Ser\u00f3n Mill\u00e1n\" src=\"https:\/\/lh3.googleusercontent.com\/_YHfWiOHxw8E\/TX9Ed2o03qI\/AAAAAAAACd0\/H-b-ucvrbWY\/s640\/5_2011-03-14.JPG\" \/>:<\/p>\n<p>Foto desde el Puro:<\/p>\n<p><img decoding=\"async\" style=\"margin: 5px auto; display: block;\" alt=\"Foto desde el Puro\" src=\"https:\/\/lh4.googleusercontent.com\/_YHfWiOHxw8E\/TX9EdzC1CaI\/AAAAAAAACd8\/wPnlZdKtZns\/s640\/6.JPG\" \/><\/p>\n<p>Foto en la cumbre del mallo Pis\u00f3n:<\/p>\n<p><img decoding=\"async\" style=\"margin: 5px auto; display: block;\" alt=\"Foto en la cumbre del mallo Pis\u00f3n\" src=\"https:\/\/lh6.googleusercontent.com\/_YHfWiOHxw8E\/TX9Ed3P_7TI\/AAAAAAAACd4\/ExkTb9rbtkM\/s640\/6b.JPG\" \/><\/p>\n<p>\u00a1\u00a1\u00a1\u00a1A por las cervezas!!!!<\/p>\n<p><img decoding=\"async\" style=\"margin: 5px auto; display: block;\" alt=\"\u00a1\u00a1\u00a1\u00a1A por las cervezas!!!!\" src=\"https:\/\/lh3.googleusercontent.com\/_YHfWiOHxw8E\/TX9EeAV_LWI\/AAAAAAAACeA\/nOHWu443aS0\/s640\/7.JPG\" \/><\/p>\n<p>&nbsp;<\/p>\n<p>&nbsp;<\/p>\n<div style=\"text-align: center;\"><strong><span style=\"text-decoration: underline;\">La Visera. Mosquitos 6a- 250mts<\/span><\/strong><\/div>\n<p>El domingo para aprovechar el finde nos dispusimos a realizar otra gran cl\u00e1sica, la mosquitos a la visera de la cual dicen tiene uno de los mejores largos de toda Espa\u00f1a, y una vez subida lo confirmamos. Ya que el largo en traves\u00eda que conduce al trono (bloque de piedra empotrado en la parte superior derecha de la pared del tama\u00f1o de mini) es incre\u00edble por el patio que tiene, te miras entre las piernas y no ves nada m\u00e1s que vac\u00edo.<br \/>\nEmpezamos la v\u00eda sorte\u00e1ndonos el largo de traves\u00eda al trono, entre rojas y yo ya que ambos quer\u00edamos hacerlo, tuve suerte y me toco a mi (jaj\u00e1 otra vez ser\u00e1 rojas)<br \/>\nLa v\u00eda va siempre evitando la zona desplomada con continuas traves\u00edas por diedros hacia la derecha, esta totalmente equipada, alejando en las zonas f\u00e1ciles. El primer largo esta algo descompuesto y te pone las pilas, pero el resto esta bastante bien. Algo sobado en algunas zonas.<br \/>\nSe puede continuar desde el trono por dos largos mas de 6b y 6a respectivamente que a\u00f1adi\u00f3 Jes\u00fas G\u00e1lvez posteriormente, pero estaban mojados, asi que desde el trono y hicimos un rapel en p\u00e9ndulo a la derecha hasta una reuni\u00f3n y luego una traves\u00eda de IV+ de 30mts hacia una canal de salida.<br \/>\nEl descenso se realiza andando por la senda que rodea Riglos.<br \/>\nRese\u00f1a:<br \/>\n<a href=\"http:\/\/a0avista.blogspot.com\/2008\/08\/la-visera-riglos-i.html\" target=\"_blank\" rel=\"nofollow noopener\">a0avista.blogspot.com\/2008\/08\/la-visera-riglos-i.html<\/a><\/p>\n<p>V\u00eddeo de Cere en la traves\u00eda del trono, espectacular:<br \/>\n<iframe loading=\"lazy\" title=\"YouTube video player\" src=\"http:\/\/www.youtube.com\/embed\/bVUEOk91FXQ\" height=\"390\" width=\"640\" frameborder=\"0\"><\/iframe><br \/>\nTraves\u00eda al trono:<br \/>\n<img decoding=\"async\" style=\"margin: 5px auto; display: block;\" alt=\"Traves\u00eda al trono\" src=\"https:\/\/lh5.googleusercontent.com\/_YHfWiOHxw8E\/TX9EePaZ8wI\/AAAAAAAACeE\/QaG7_UONvDQ\/s640\/9.JPG\" \/><\/p>\n<p style=\"text-align: right;\">Por Miguel Angel Romero<\/p>\n","protected":false},"excerpt":{"rendered":"<p>El fin de semana del 5 y 6 de marzo, nos acercamos a escalar a Riglos varios miembros del plaf\u00f3n (Carlos, Juan, miguel rojas, miguel romero y cere manchego afincado en Barcelona, ana y Jimena futura plafonera) para subir el puro (v\u00eda normal 6b), el pison (ser\u00f3n-Mill\u00e1n 6a) y la visera (mosquitos 6a-). Solo llegar [&hellip;]<\/p>\n","protected":false},"author":2,"featured_media":0,"comment_status":"open","ping_status":"closed","sticky":false,"template":"","format":"standard","meta":{"footnotes":""},"categories":[9],"tags":[31],"class_list":["post-391","post","type-post","status-publish","format-standard","hentry","category-articulos","tag-resenas","odd"],"_links":{"self":[{"href":"https:\/\/www.elplafon.es\/w\/wp-json\/wp\/v2\/posts\/391","targetHints":{"allow":["GET"]}}],"collection":[{"href":"https:\/\/www.elplafon.es\/w\/wp-json\/wp\/v2\/posts"}],"about":[{"href":"https:\/\/www.elplafon.es\/w\/wp-json\/wp\/v2\/types\/post"}],"author":[{"embeddable":true,"href":"https:\/\/www.elplafon.es\/w\/wp-json\/wp\/v2\/users\/2"}],"replies":[{"embeddable":true,"href":"https:\/\/www.elplafon.es\/w\/wp-json\/wp\/v2\/comments?post=391"}],"version-history":[{"count":3,"href":"https:\/\/www.elplafon.es\/w\/wp-json\/wp\/v2\/posts\/391\/revisions"}],"predecessor-version":[{"id":1017,"href":"https:\/\/www.elplafon.es\/w\/wp-json\/wp\/v2\/posts\/391\/revisions\/1017"}],"wp:attachment":[{"href":"https:\/\/www.elplafon.es\/w\/wp-json\/wp\/v2\/media?parent=391"}],"wp:term":[{"taxonomy":"category","embeddable":true,"href":"https:\/\/www.elplafon.es\/w\/wp-json\/wp\/v2\/categories?post=391"},{"taxonomy":"post_tag","embeddable":true,"href":"https:\/\/www.elplafon.es\/w\/wp-json\/wp\/v2\/tags?post=391"}],"curies":[{"name":"wp","href":"https:\/\/api.w.org\/{rel}","templated":true}]}}