{"id":382,"date":"2010-11-29T23:00:25","date_gmt":"2010-11-29T22:00:25","guid":{"rendered":"http:\/\/www.elplafon.es\/w\/iv-competicion-de-escalada-en-bloque-indoor-el-plafon-fotos\/"},"modified":"2013-01-05T14:06:21","modified_gmt":"2013-01-05T13:06:21","slug":"iv-competicion-de-escalada-en-bloque-indoor-el-plafon-fotos","status":"publish","type":"post","link":"https:\/\/www.elplafon.es\/w\/articulos\/iv-competicion-de-escalada-en-bloque-indoor-el-plafon-fotos\/","title":{"rendered":"IV Competici\u00f3n de Escalada en Bloque Indoor El Plaf\u00f3n &#8211; Fotos"},"content":{"rendered":"<p style=\"text-align: center;\"><img loading=\"lazy\" decoding=\"async\" class=\"aligncenter  wp-image-1174\" alt=\"iv-compe-plafon\" src=\"http:\/\/www.elplafon.es\/w\/wp-content\/uploads\/2010\/11\/iv-compe-plafon.jpg\" width=\"480\" height=\"720\" srcset=\"https:\/\/www.elplafon.es\/w\/wp-content\/uploads\/2010\/11\/iv-compe-plafon.jpg 800w, https:\/\/www.elplafon.es\/w\/wp-content\/uploads\/2010\/11\/iv-compe-plafon-200x300.jpg 200w\" sizes=\"auto, (max-width: 480px) 100vw, 480px\" \/><\/p>\n<p>Ya est\u00e1n aqu\u00ed las fotos oficiales de la <strong>IV Competici\u00f3n de Escalada en Bloque Indoor El Plaf\u00f3n<\/strong>.<\/p>\n<p>Esperamos que os gusten.<\/p>\n<p><object width=\"600\" height=\"400\" classid=\"clsid:d27cdb6e-ae6d-11cf-96b8-444553540000\" codebase=\"http:\/\/download.macromedia.com\/pub\/shockwave\/cabs\/flash\/swflash.cab#version=6,0,40,0\"><param name=\"src\" value=\"https:\/\/picasaweb.google.com\/s\/c\/bin\/slideshow.swf\" \/><param name=\"flashvars\" value=\"host=picasaweb.google.com&amp;captions=1&amp;hl=es&amp;feat=flashalbum&amp;RGB=0x000000&amp;feed=https%3A%2F%2Fpicasaweb.google.com%2Fdata%2Ffeed%2Fapi%2Fuser%2Felplafon%2Falbumid%2F5545102678676825505%3Falt%3Drss%26kind%3Dphoto%26hl%3Des\" \/><param name=\"pluginspage\" value=\"http:\/\/www.macromedia.com\/go\/getflashplayer\" \/><embed width=\"600\" height=\"400\" type=\"application\/x-shockwave-flash\" src=\"https:\/\/picasaweb.google.com\/s\/c\/bin\/slideshow.swf\" flashvars=\"host=picasaweb.google.com&amp;captions=1&amp;hl=es&amp;feat=flashalbum&amp;RGB=0x000000&amp;feed=https%3A%2F%2Fpicasaweb.google.com%2Fdata%2Ffeed%2Fapi%2Fuser%2Felplafon%2Falbumid%2F5545102678676825505%3Falt%3Drss%26kind%3Dphoto%26hl%3Des\" pluginspage=\"http:\/\/www.macromedia.com\/go\/getflashplayer\" \/><\/object><\/p>\n","protected":false},"excerpt":{"rendered":"<p>Ya est\u00e1n aqu\u00ed las fotos oficiales de la IV Competici\u00f3n de Escalada en Bloque Indoor El Plaf\u00f3n. Esperamos que os gusten.<\/p>\n","protected":false},"author":2,"featured_media":0,"comment_status":"open","ping_status":"closed","sticky":false,"template":"","format":"standard","meta":{"footnotes":""},"categories":[9],"tags":[49,48,19,51,31],"class_list":["post-382","post","type-post","status-publish","format-standard","hentry","category-articulos","tag-bloque","tag-competicion","tag-escalada","tag-fotografia","tag-resenas","odd"],"_links":{"self":[{"href":"https:\/\/www.elplafon.es\/w\/wp-json\/wp\/v2\/posts\/382","targetHints":{"allow":["GET"]}}],"collection":[{"href":"https:\/\/www.elplafon.es\/w\/wp-json\/wp\/v2\/posts"}],"about":[{"href":"https:\/\/www.elplafon.es\/w\/wp-json\/wp\/v2\/types\/post"}],"author":[{"embeddable":true,"href":"https:\/\/www.elplafon.es\/w\/wp-json\/wp\/v2\/users\/2"}],"replies":[{"embeddable":true,"href":"https:\/\/www.elplafon.es\/w\/wp-json\/wp\/v2\/comments?post=382"}],"version-history":[{"count":5,"href":"https:\/\/www.elplafon.es\/w\/wp-json\/wp\/v2\/posts\/382\/revisions"}],"predecessor-version":[{"id":1367,"href":"https:\/\/www.elplafon.es\/w\/wp-json\/wp\/v2\/posts\/382\/revisions\/1367"}],"wp:attachment":[{"href":"https:\/\/www.elplafon.es\/w\/wp-json\/wp\/v2\/media?parent=382"}],"wp:term":[{"taxonomy":"category","embeddable":true,"href":"https:\/\/www.elplafon.es\/w\/wp-json\/wp\/v2\/categories?post=382"},{"taxonomy":"post_tag","embeddable":true,"href":"https:\/\/www.elplafon.es\/w\/wp-json\/wp\/v2\/tags?post=382"}],"curies":[{"name":"wp","href":"https:\/\/api.w.org\/{rel}","templated":true}]}}