{"id":357,"date":"2010-07-19T09:03:08","date_gmt":"2010-07-19T07:03:08","guid":{"rendered":"http:\/\/www.elplafon.es\/w\/urriellu-asturias\/"},"modified":"2013-01-02T09:20:57","modified_gmt":"2013-01-02T08:20:57","slug":"urriellu-asturias","status":"publish","type":"post","link":"https:\/\/www.elplafon.es\/w\/articulos\/urriellu-asturias\/","title":{"rendered":"Urriellu &#8211; Asturias"},"content":{"rendered":"<p><img loading=\"lazy\" decoding=\"async\" src=\"http:\/\/www.elplafon.es\/w\/wp-content\/uploads\/2011\/07\/naranjo-bulnes.jpg\" alt=\"naranjo-bulnes\" width=\"800\" height=\"1067\" class=\"aligncenter size-full wp-image-1011\" srcset=\"https:\/\/www.elplafon.es\/w\/wp-content\/uploads\/2011\/07\/naranjo-bulnes.jpg 800w, https:\/\/www.elplafon.es\/w\/wp-content\/uploads\/2011\/07\/naranjo-bulnes-224x300.jpg 224w\" sizes=\"auto, (max-width: 800px) 100vw, 800px\" \/><br \/>\nVarios socios de El Plaf\u00f3n han aprovechado estos d\u00edas de calor para subir el m\u00edtico <a target=\"_blank\" title=\"Picu Urriellu\" href=\"http:\/\/es.wikipedia.org\/wiki\/Naranjo_de_Bulnes\" rel=\"noopener\">Pico Urriellu<\/a>, en <a target=\"_blank\" title=\"Picos de Europa\" href=\"http:\/\/es.wikipedia.org\/wiki\/Picos_de_Europa\" rel=\"noopener\">Picos de Europa<\/a> (Asturias). La v\u00eda elegida ha sido la Directa de los Mart\u00ednez, por la cara sur.<\/p>\n<p>Ten\u00e9is la noticia completa en el blog <a title=\"Las cuestas me cuestan\" href=\"http:\/\/lascuestasmecuestan.blogspot.com\/2010\/07\/urriellu-asturias.html\" target=\"_blank\" rel=\"noopener\">Las cuestas me cuestan<\/a>.<\/p>\n","protected":false},"excerpt":{"rendered":"<p>Varios socios de El Plaf\u00f3n han aprovechado estos d\u00edas de calor para subir el m\u00edtico Pico Urriellu, en Picos de Europa (Asturias). La v\u00eda elegida ha sido la Directa de los Mart\u00ednez, por la cara sur. Ten\u00e9is la noticia completa en el blog Las cuestas me cuestan.<\/p>\n","protected":false},"author":2,"featured_media":0,"comment_status":"open","ping_status":"closed","sticky":false,"template":"","format":"standard","meta":{"footnotes":""},"categories":[9],"tags":[31],"class_list":["post-357","post","type-post","status-publish","format-standard","hentry","category-articulos","tag-resenas","odd"],"_links":{"self":[{"href":"https:\/\/www.elplafon.es\/w\/wp-json\/wp\/v2\/posts\/357","targetHints":{"allow":["GET"]}}],"collection":[{"href":"https:\/\/www.elplafon.es\/w\/wp-json\/wp\/v2\/posts"}],"about":[{"href":"https:\/\/www.elplafon.es\/w\/wp-json\/wp\/v2\/types\/post"}],"author":[{"embeddable":true,"href":"https:\/\/www.elplafon.es\/w\/wp-json\/wp\/v2\/users\/2"}],"replies":[{"embeddable":true,"href":"https:\/\/www.elplafon.es\/w\/wp-json\/wp\/v2\/comments?post=357"}],"version-history":[{"count":4,"href":"https:\/\/www.elplafon.es\/w\/wp-json\/wp\/v2\/posts\/357\/revisions"}],"predecessor-version":[{"id":1037,"href":"https:\/\/www.elplafon.es\/w\/wp-json\/wp\/v2\/posts\/357\/revisions\/1037"}],"wp:attachment":[{"href":"https:\/\/www.elplafon.es\/w\/wp-json\/wp\/v2\/media?parent=357"}],"wp:term":[{"taxonomy":"category","embeddable":true,"href":"https:\/\/www.elplafon.es\/w\/wp-json\/wp\/v2\/categories?post=357"},{"taxonomy":"post_tag","embeddable":true,"href":"https:\/\/www.elplafon.es\/w\/wp-json\/wp\/v2\/tags?post=357"}],"curies":[{"name":"wp","href":"https:\/\/api.w.org\/{rel}","templated":true}]}}