{"id":2847,"date":"2022-12-21T13:38:35","date_gmt":"2022-12-21T12:38:35","guid":{"rendered":"https:\/\/www.elplafon.es\/w\/?p=2847"},"modified":"2022-12-21T13:41:49","modified_gmt":"2022-12-21T12:41:49","slug":"el-plafon-celebra-con-exito-sus-jornadas-de-puertas-abiertas","status":"publish","type":"post","link":"https:\/\/www.elplafon.es\/w\/articulos\/el-plafon-celebra-con-exito-sus-jornadas-de-puertas-abiertas\/","title":{"rendered":"El Plaf\u00f3n celebra con \u00e9xito sus jornadas de puertas abiertas"},"content":{"rendered":"\n<p><a href=\"https:\/\/www.latribunadeciudadreal.es\/Noticia\/Z0CCDD6C2-D429-4AD9-E3F1449C4E113498\/202212\/el-plafon-celebra-con-exito-sus-jornadas-de-puertas-abiertas\" target=\"_blank\" rel=\"noopener\">https:\/\/www.latribunadeciudadreal.es\/Noticia\/Z0CCDD6C2-D429-4AD9-E3F1449C4E113498\/202212\/el-plafon-celebra-con-exito-sus-jornadas-de-puertas-abiertas<\/a><\/p>\n\n\n\n<p><a href=\"https:\/\/www.latribunadeciudadreal.es\/Noticia\/Z0CCDD6C2-D429-4AD9-E3F1449C4E113498\/202212\/el-plafon-celebra-con-exito-sus-jornadas-de-puertas-abiertas\" target=\"_blank\" rel=\"noopener\">https:\/\/https:\/\/www.lanzadigital.com\/provincia\/ciudad-real\/adrenalina-emocion-desafio-buen-rollo-y-paisajes-de-ensueno-en-los-concursos-de-fotografia-y-video-de-montana-de-el-plafon\/www.latribunadeciudadreal.es\/Noticia\/Z0CCDD6C2-D429-4AD9-E3F1449C4E113498\/202212\/el-plafon-celebra-con-exito-sus-jornadas-de-puertas-abiertas<\/a><\/p>\n\n\n\n<p>Chac\u00f3n y \u2018Mike\u2019 se alzan ganadores<\/p>\n\n\n\n<p>Como una ara\u00f1a, con cuerdas de sujeci\u00f3n adheridas a la piedra cuales telas ar\u00e1cnidas y las extremidades cruz\u00e1ndose por la dificultad mientras las puntas de dedos de manos y pies tantean el agarre en las grietas de la roca, Antonio Vendrel probaba una exigente v\u00eda en el sector Inglaterra de escalada de la localidad albacete\u00f1a de Ayna y su compa\u00f1ero Jos\u00e9 Javier Chac\u00f3n atrap\u00f3 su esfuerzo de aferrarse hasta en lo m\u00e1s nimio para continuar abriendo recorrido.<\/p>\n\n\n\n<p>La perra \u2018Aria\u2019, de Vendrel, aparece abajo, al fondo, a los pies del ascenso, esperando que culmine la escalada en la instant\u00e1nea que se ha alzado con el Primer Premio del XIV Concurso de Fotograf\u00eda de Monta\u00f1a de El Plaf\u00f3n, al que concurrieron cuarenta obras de pr\u00e1cticas deportivas en entornos naturales de altura y ensue\u00f1o.<\/p>\n\n\n\n<figure class=\"wp-block-image\"><img decoding=\"async\" src=\"https:\/\/s2.lanzadigital.com\/wp-content\/uploads\/2022\/12\/manuel-3.jpg\" alt=\"Manuel Rojas fotograf\u00eda a su padre escalando en Mulas\"\/><figcaption class=\"wp-element-caption\">Manuel Rojas fotograf\u00eda a su padre escalando en Mulas<\/figcaption><\/figure>\n\n\n\n<p>Manuel Rojas, un chavalito que le encanta ir al roc\u00f3dromo de El Plaf\u00f3n, as\u00ed como de escalada con su padre, Miguel Rojas, es el autor de la fotograf\u00eda merecedora del segundo premio, tomada en la localidad murciana de Mulas. Contrasta lo abrupto de la monta\u00f1a y la febril determinaci\u00f3n de afrontar el desaf\u00edo, escabroso, rugoso y abstracto, con la sencilla concreci\u00f3n y geometr\u00eda de los campos, que bien podr\u00edan ser manchegos o castellanos, del paisaje al fondo.<\/p>\n\n\n\n<p>La calidad de las obras presentadas al concurso hizo que se concedieran dos terceros premios que recayeron en im\u00e1genes que transmiten energ\u00eda, disfrute y dinamismo.<\/p>\n\n\n\n<figure class=\"wp-block-image\"><img decoding=\"async\" src=\"https:\/\/s2.lanzadigital.com\/wp-content\/uploads\/2022\/12\/tirolina.jpg\" alt=\"Euforia entre el miedo y el m\u00e1ximo disfrute en la foto de Cristina\"\/><figcaption class=\"wp-element-caption\">Euforia entre el miedo y el m\u00e1ximo disfrute en la foto de Cristina<\/figcaption><\/figure>\n\n\n\n<p>Adrenalina \u2018a saco\u2019, tensi\u00f3n y euforia, \u201cmiedo y emoci\u00f3n, susto y alegr\u00eda\u201d, sintieron Cristina Chico y Marcos, hijo de Jes\u00fas Medina, al lanzarse en tirolina en Pirineos como se refleja en una fotograf\u00eda con c\u00e1mara 360, que los sit\u00faa en lo extremo, en una deformidad casi Avatar.<\/p>\n\n\n\n<p>Cristina se llev\u00f3 el primer tercer galard\u00f3n, mientras que el segundo tercer premio fue para Eduardo Navarro con su surfeo en la nieve de los Alpes, en las proximidades del imponente Cervino, perseguido por el sol en su descenso como si se tratara de una pel\u00edcula de m\u00e1xima acci\u00f3n.<\/p>\n\n\n\n<figure class=\"wp-block-image\"><img decoding=\"async\" src=\"https:\/\/s1.lanzadigital.com\/wp-content\/uploads\/2022\/12\/surfeando-scaled.jpg\" alt=\"Snowboard en el Cervino de los Alpes \/ Eduardo Navarro\"\/><figcaption class=\"wp-element-caption\">Snowboard en el Cervino de los Alpes \/ Eduardo Navarro<\/figcaption><\/figure>\n\n\n\n<p>As\u00ed mismo, El Plaf\u00f3n estren\u00f3 Concurso de V\u00eddeo de Monta\u00f1a, cuyo ganador fue \u2018Mike\u2019 Miguel Pedraza con las sinergias de su \u2018Guateque\u2019 de Almer\u00eda, en el que plasma el buen ambiente de la \u2018familia monta\u00f1era\u2019 en sus salidas, con un trabajado montaje, acertada, animosa y descriptiva m\u00fasica y divertido making off.<\/p>\n\n\n\n<p>Tambi\u00e9n la primera edici\u00f3n del Concurso de V\u00eddeo de Monta\u00f1a cont\u00f3 con un segundo premio a Jes\u00fas Medina por su propuesta sobre \u2018Cuenca\u2019 con una potente edici\u00f3n de m\u00fasica y magn\u00edficos planos desde lo alto reflejando la dificultad y riesgo de la escalada, as\u00ed como la geograf\u00eda natural y urbana conquense.<\/p>\n\n\n\n<figure class=\"wp-block-embed is-type-video is-provider-youtube wp-block-embed-youtube wp-embed-aspect-16-9 wp-has-aspect-ratio\"><div class=\"wp-block-embed__wrapper\">\n<iframe loading=\"lazy\" title=\"&#039;Guateque&#039; Almer\u00eda\" width=\"500\" height=\"281\" src=\"https:\/\/www.youtube.com\/embed\/R2Ww-p9gAKY?feature=oembed\" frameborder=\"0\" allow=\"accelerometer; autoplay; clipboard-write; encrypted-media; gyroscope; picture-in-picture; web-share\" referrerpolicy=\"strict-origin-when-cross-origin\" allowfullscreen><\/iframe>\n<\/div><\/figure>\n","protected":false},"excerpt":{"rendered":"<p>https:\/\/www.latribunadeciudadreal.es\/Noticia\/Z0CCDD6C2-D429-4AD9-E3F1449C4E113498\/202212\/el-plafon-celebra-con-exito-sus-jornadas-de-puertas-abiertas https:\/\/https:\/\/www.lanzadigital.com\/provincia\/ciudad-real\/adrenalina-emocion-desafio-buen-rollo-y-paisajes-de-ensueno-en-los-concursos-de-fotografia-y-video-de-montana-de-el-plafon\/www.latribunadeciudadreal.es\/Noticia\/Z0CCDD6C2-D429-4AD9-E3F1449C4E113498\/202212\/el-plafon-celebra-con-exito-sus-jornadas-de-puertas-abiertas Chac\u00f3n y \u2018Mike\u2019 se alzan ganadores Como una ara\u00f1a, con cuerdas de sujeci\u00f3n adheridas a la piedra cuales telas ar\u00e1cnidas y las extremidades cruz\u00e1ndose por la dificultad mientras las puntas de dedos de manos y pies tantean el agarre en las grietas de la roca, Antonio Vendrel probaba una exigente v\u00eda en el [&hellip;]<\/p>\n","protected":false},"author":2,"featured_media":0,"comment_status":"open","ping_status":"closed","sticky":false,"template":"","format":"standard","meta":{"footnotes":""},"categories":[9],"tags":[75],"class_list":["post-2847","post","type-post","status-publish","format-standard","hentry","category-articulos","tag-jornadas-2022","odd"],"_links":{"self":[{"href":"https:\/\/www.elplafon.es\/w\/wp-json\/wp\/v2\/posts\/2847","targetHints":{"allow":["GET"]}}],"collection":[{"href":"https:\/\/www.elplafon.es\/w\/wp-json\/wp\/v2\/posts"}],"about":[{"href":"https:\/\/www.elplafon.es\/w\/wp-json\/wp\/v2\/types\/post"}],"author":[{"embeddable":true,"href":"https:\/\/www.elplafon.es\/w\/wp-json\/wp\/v2\/users\/2"}],"replies":[{"embeddable":true,"href":"https:\/\/www.elplafon.es\/w\/wp-json\/wp\/v2\/comments?post=2847"}],"version-history":[{"count":9,"href":"https:\/\/www.elplafon.es\/w\/wp-json\/wp\/v2\/posts\/2847\/revisions"}],"predecessor-version":[{"id":2857,"href":"https:\/\/www.elplafon.es\/w\/wp-json\/wp\/v2\/posts\/2847\/revisions\/2857"}],"wp:attachment":[{"href":"https:\/\/www.elplafon.es\/w\/wp-json\/wp\/v2\/media?parent=2847"}],"wp:term":[{"taxonomy":"category","embeddable":true,"href":"https:\/\/www.elplafon.es\/w\/wp-json\/wp\/v2\/categories?post=2847"},{"taxonomy":"post_tag","embeddable":true,"href":"https:\/\/www.elplafon.es\/w\/wp-json\/wp\/v2\/tags?post=2847"}],"curies":[{"name":"wp","href":"https:\/\/api.w.org\/{rel}","templated":true}]}}