{"id":282,"date":"2009-05-25T16:18:08","date_gmt":"2009-05-25T14:18:08","guid":{"rendered":"http:\/\/www.elplafon.es\/w\/9-lecciones-para-la-vida-de-la-escalada-en-roca\/"},"modified":"2012-11-22T17:56:08","modified_gmt":"2012-11-22T16:56:08","slug":"9-lecciones-para-la-vida-de-la-escalada-en-roca","status":"publish","type":"post","link":"https:\/\/www.elplafon.es\/w\/articulos\/9-lecciones-para-la-vida-de-la-escalada-en-roca\/","title":{"rendered":"9 lecciones para la vida de la escalada en roca"},"content":{"rendered":"<p><object width=\"425\" height=\"344\" classid=\"clsid:d27cdb6e-ae6d-11cf-96b8-444553540000\" codebase=\"http:\/\/download.macromedia.com\/pub\/shockwave\/cabs\/flash\/swflash.cab#version=6,0,40,0\"><param name=\"allowfullscreen\" value=\"true\" \/><param name=\"src\" value=\"http:\/\/www.youtube.com\/v\/uOHHSFWJ8Ts&amp;color1=0xb1b1b1&amp;color2=0xcfcfcf&amp;hl=en&amp;feature=player_embedded&amp;fs=1\" \/><embed width=\"425\" height=\"344\" type=\"application\/x-shockwave-flash\" src=\"http:\/\/www.youtube.com\/v\/uOHHSFWJ8Ts&amp;color1=0xb1b1b1&amp;color2=0xcfcfcf&amp;hl=en&amp;feature=player_embedded&amp;fs=1\" allowfullscreen=\"true\" \/><\/object><\/p>\n<p>Visto en <a title=\"Anamnesis\" href=\"http:\/\/ajmmekajros.com\/anamnesis\/2009\/04\/9-lecciones-para-la-vida-escalada\/\" target=\"_blank\" rel=\"noopener\">Anamnesis<\/a><\/p>\n","protected":false},"excerpt":{"rendered":"<p><img loading=\"lazy\" decoding=\"async\" style=\"margin: 5px; float: right;\" alt=\"V\u00eddeos\" src=\"http:\/\/www.elplafon.es\/w\/wp-content\/uploads\/2008\/12\/mplayer.png\" height=\"100\" width=\"100\" \/>Adem\u00e1s de ser un apasionado de la escalada en roca, Matthew Childs es un especialista en marketing digital y servicios interactivos. En el siguiente v\u00eddeo lo podemos ver en las conferencias <a target=\"_blank\" title=\"TED\" href=\"http:\/\/www.ted.com\/index.php\/translate\/languages\/spa\">TED<\/a> d\u00e1ndonos 9 consejos que ha aprendido despu\u00e9s de 35 a\u00f1os escalando.<\/p>\n<p>\n","protected":false},"author":2,"featured_media":243,"comment_status":"open","ping_status":"closed","sticky":false,"template":"","format":"standard","meta":{"footnotes":""},"categories":[9],"tags":[16],"class_list":["post-282","post","type-post","status-publish","format-standard","has-post-thumbnail","hentry","category-articulos","tag-tecnica","odd"],"_links":{"self":[{"href":"https:\/\/www.elplafon.es\/w\/wp-json\/wp\/v2\/posts\/282","targetHints":{"allow":["GET"]}}],"collection":[{"href":"https:\/\/www.elplafon.es\/w\/wp-json\/wp\/v2\/posts"}],"about":[{"href":"https:\/\/www.elplafon.es\/w\/wp-json\/wp\/v2\/types\/post"}],"author":[{"embeddable":true,"href":"https:\/\/www.elplafon.es\/w\/wp-json\/wp\/v2\/users\/2"}],"replies":[{"embeddable":true,"href":"https:\/\/www.elplafon.es\/w\/wp-json\/wp\/v2\/comments?post=282"}],"version-history":[{"count":1,"href":"https:\/\/www.elplafon.es\/w\/wp-json\/wp\/v2\/posts\/282\/revisions"}],"predecessor-version":[{"id":805,"href":"https:\/\/www.elplafon.es\/w\/wp-json\/wp\/v2\/posts\/282\/revisions\/805"}],"wp:featuredmedia":[{"embeddable":true,"href":"https:\/\/www.elplafon.es\/w\/wp-json\/wp\/v2\/media\/243"}],"wp:attachment":[{"href":"https:\/\/www.elplafon.es\/w\/wp-json\/wp\/v2\/media?parent=282"}],"wp:term":[{"taxonomy":"category","embeddable":true,"href":"https:\/\/www.elplafon.es\/w\/wp-json\/wp\/v2\/categories?post=282"},{"taxonomy":"post_tag","embeddable":true,"href":"https:\/\/www.elplafon.es\/w\/wp-json\/wp\/v2\/tags?post=282"}],"curies":[{"name":"wp","href":"https:\/\/api.w.org\/{rel}","templated":true}]}}