{"id":2798,"date":"2022-07-04T14:07:59","date_gmt":"2022-07-04T12:07:59","guid":{"rendered":"https:\/\/www.elplafon.es\/w\/?p=2798"},"modified":"2022-07-06T10:36:26","modified_gmt":"2022-07-06T08:36:26","slug":"javier-galan-y-daniel-hernandez-subcampeones-de-espana","status":"publish","type":"post","link":"https:\/\/www.elplafon.es\/w\/articulos\/javier-galan-y-daniel-hernandez-subcampeones-de-espana\/","title":{"rendered":"Javier Gal\u00e1n y Daniel Hern\u00e1ndez subcampeones de Espa\u00f1a"},"content":{"rendered":"\n<figure class=\"wp-block-image size-large\"><img loading=\"lazy\" decoding=\"async\" width=\"800\" height=\"800\" src=\"https:\/\/www.elplafon.es\/w\/wp-content\/uploads\/2022\/07\/D739CBDD-E312-CF71-F4B85477FEB50A8A-800x800.webp\" alt=\"\" class=\"wp-image-2800\" srcset=\"https:\/\/www.elplafon.es\/w\/wp-content\/uploads\/2022\/07\/D739CBDD-E312-CF71-F4B85477FEB50A8A-800x800.webp 800w, https:\/\/www.elplafon.es\/w\/wp-content\/uploads\/2022\/07\/D739CBDD-E312-CF71-F4B85477FEB50A8A-300x300.webp 300w, https:\/\/www.elplafon.es\/w\/wp-content\/uploads\/2022\/07\/D739CBDD-E312-CF71-F4B85477FEB50A8A-150x150.webp 150w, https:\/\/www.elplafon.es\/w\/wp-content\/uploads\/2022\/07\/D739CBDD-E312-CF71-F4B85477FEB50A8A-768x768.webp 768w, https:\/\/www.elplafon.es\/w\/wp-content\/uploads\/2022\/07\/D739CBDD-E312-CF71-F4B85477FEB50A8A-96x96.webp 96w, https:\/\/www.elplafon.es\/w\/wp-content\/uploads\/2022\/07\/D739CBDD-E312-CF71-F4B85477FEB50A8A.webp 1000w\" sizes=\"auto, (max-width: 800px) 100vw, 800px\" \/><\/figure>\n\n\n\n<p><a href=\"https:\/\/www.latribunadeciudadreal.es\/Noticia\/ZD739C8EB-EB88-6D6E-F2B575F240682970\/202207\/javier-galan-y-daniel-hernandez-subcampeones-de-espana\" target=\"_blank\" rel=\"noopener\">https:\/\/www.latribunadeciudadreal.es\/Noticia\/ZD739C8EB-EB88-6D6E-F2B575F240682970\/202207\/javier-galan-y-daniel-hernandez-subcampeones-de-espana<\/a><\/p>\n","protected":false},"excerpt":{"rendered":"<p>https:\/\/www.latribunadeciudadreal.es\/Noticia\/ZD739C8EB-EB88-6D6E-F2B575F240682970\/202207\/javier-galan-y-daniel-hernandez-subcampeones-de-espana<\/p>\n","protected":false},"author":2,"featured_media":0,"comment_status":"open","ping_status":"closed","sticky":false,"template":"","format":"standard","meta":{"footnotes":""},"categories":[9],"tags":[],"class_list":["post-2798","post","type-post","status-publish","format-standard","hentry","category-articulos","odd"],"_links":{"self":[{"href":"https:\/\/www.elplafon.es\/w\/wp-json\/wp\/v2\/posts\/2798","targetHints":{"allow":["GET"]}}],"collection":[{"href":"https:\/\/www.elplafon.es\/w\/wp-json\/wp\/v2\/posts"}],"about":[{"href":"https:\/\/www.elplafon.es\/w\/wp-json\/wp\/v2\/types\/post"}],"author":[{"embeddable":true,"href":"https:\/\/www.elplafon.es\/w\/wp-json\/wp\/v2\/users\/2"}],"replies":[{"embeddable":true,"href":"https:\/\/www.elplafon.es\/w\/wp-json\/wp\/v2\/comments?post=2798"}],"version-history":[{"count":3,"href":"https:\/\/www.elplafon.es\/w\/wp-json\/wp\/v2\/posts\/2798\/revisions"}],"predecessor-version":[{"id":2802,"href":"https:\/\/www.elplafon.es\/w\/wp-json\/wp\/v2\/posts\/2798\/revisions\/2802"}],"wp:attachment":[{"href":"https:\/\/www.elplafon.es\/w\/wp-json\/wp\/v2\/media?parent=2798"}],"wp:term":[{"taxonomy":"category","embeddable":true,"href":"https:\/\/www.elplafon.es\/w\/wp-json\/wp\/v2\/categories?post=2798"},{"taxonomy":"post_tag","embeddable":true,"href":"https:\/\/www.elplafon.es\/w\/wp-json\/wp\/v2\/tags?post=2798"}],"curies":[{"name":"wp","href":"https:\/\/api.w.org\/{rel}","templated":true}]}}