{"id":272,"date":"2009-04-15T07:25:33","date_gmt":"2009-04-15T05:25:33","guid":{"rendered":"http:\/\/www.elplafon.es\/w\/chris-sharma-el-enfoque-del-9o-grado\/"},"modified":"2013-01-05T14:20:29","modified_gmt":"2013-01-05T13:20:29","slug":"chris-sharma-el-enfoque-del-9o-grado","status":"publish","type":"post","link":"https:\/\/www.elplafon.es\/w\/noticias\/chris-sharma-el-enfoque-del-9o-grado\/","title":{"rendered":"Chris Sharma. El enfoque del 9\u00ba grado"},"content":{"rendered":"<p><img loading=\"lazy\" decoding=\"async\" src=\"http:\/\/www.elplafon.es\/w\/wp-content\/uploads\/2009\/04\/chris-sharma.jpg\" alt=\"chris sharma\" width=\"104\" height=\"144\" class=\"aligncenter size-full wp-image-1393\" \/><br \/>\n<!--more--><br \/>\nCualquiera que est\u00e9 un poco al d\u00eda en el mundo de la escalada deportiva conoce a Chris Sharma. En este art\u00edculo de la p\u00e1gina <a target=\"_blank\" title=\"8a.nu\" href=\"http:\/\/www.8a.nu\/(5w0rs4qpugs0zg3yl0uofu45)\/Index.aspx?CountryCode=ESP\" rel=\"noopener\">8a.nu<\/a> nos dan m\u00e1s razones para conocerlo.<\/p>\n<p>Pod\u00e9is ver el art\u00edculo <a target=\"_blank\" title=\"8a.nu - Chris Sharma\" href=\"http:\/\/www.8a.nu\/?IncPage=http%3A\/\/www.8a.nu\/(5w0rs4qpugs0zg3yl0uofu45)\/articles\/ShowArticle.aspx%3FArticleId%3D5227\" rel=\"noopener\">aqu\u00ed<\/a>.<\/p>\n","protected":false},"excerpt":{"rendered":"","protected":false},"author":2,"featured_media":0,"comment_status":"open","ping_status":"closed","sticky":false,"template":"","format":"standard","meta":{"footnotes":""},"categories":[10],"tags":[19],"class_list":["post-272","post","type-post","status-publish","format-standard","hentry","category-noticias","tag-escalada","odd"],"_links":{"self":[{"href":"https:\/\/www.elplafon.es\/w\/wp-json\/wp\/v2\/posts\/272","targetHints":{"allow":["GET"]}}],"collection":[{"href":"https:\/\/www.elplafon.es\/w\/wp-json\/wp\/v2\/posts"}],"about":[{"href":"https:\/\/www.elplafon.es\/w\/wp-json\/wp\/v2\/types\/post"}],"author":[{"embeddable":true,"href":"https:\/\/www.elplafon.es\/w\/wp-json\/wp\/v2\/users\/2"}],"replies":[{"embeddable":true,"href":"https:\/\/www.elplafon.es\/w\/wp-json\/wp\/v2\/comments?post=272"}],"version-history":[{"count":2,"href":"https:\/\/www.elplafon.es\/w\/wp-json\/wp\/v2\/posts\/272\/revisions"}],"predecessor-version":[{"id":1392,"href":"https:\/\/www.elplafon.es\/w\/wp-json\/wp\/v2\/posts\/272\/revisions\/1392"}],"wp:attachment":[{"href":"https:\/\/www.elplafon.es\/w\/wp-json\/wp\/v2\/media?parent=272"}],"wp:term":[{"taxonomy":"category","embeddable":true,"href":"https:\/\/www.elplafon.es\/w\/wp-json\/wp\/v2\/categories?post=272"},{"taxonomy":"post_tag","embeddable":true,"href":"https:\/\/www.elplafon.es\/w\/wp-json\/wp\/v2\/tags?post=272"}],"curies":[{"name":"wp","href":"https:\/\/api.w.org\/{rel}","templated":true}]}}