{"id":2621,"date":"2021-04-19T16:32:35","date_gmt":"2021-04-19T14:32:35","guid":{"rendered":"http:\/\/www.elplafon.es\/w\/?p=2621"},"modified":"2021-04-19T16:46:00","modified_gmt":"2021-04-19T14:46:00","slug":"video-resumen-de-la-v-copa-de-castilla-la-mancha-de-la-fdmcm-el-plafon-ciudad-real","status":"publish","type":"post","link":"https:\/\/www.elplafon.es\/w\/noticias\/video-resumen-de-la-v-copa-de-castilla-la-mancha-de-la-fdmcm-el-plafon-ciudad-real\/","title":{"rendered":"V\u00eddeo resumen de la V Copa de Castilla la Mancha de la FDMCM (el plaf\u00f3n, Ciudad Real)."},"content":{"rendered":"\n<div class=\"wp-block-columns is-layout-flex wp-container-core-columns-is-layout-28f84493 wp-block-columns-is-layout-flex\">\n<div class=\"wp-block-column is-layout-flow wp-block-column-is-layout-flow\" style=\"flex-basis:100%\">\n<figure class=\"wp-block-video aligncenter\"><video height=\"2160\" style=\"aspect-ratio: 1216 \/ 2160;\" width=\"1216\" controls src=\"http:\/\/www.elplafon.es\/w\/wp-content\/uploads\/2021\/04\/ElPlafon2021-1.mp4\"><\/video><\/figure>\n<\/div>\n<\/div>\n\n\n\n<p>Much\u00edsimas gracias a @assmedia.es por su grabaci\u00f3n y edici\u00f3n.<\/p>\n","protected":false},"excerpt":{"rendered":"<p>Much\u00edsimas gracias a @assmedia.es por su grabaci\u00f3n y edici\u00f3n.<\/p>\n","protected":false},"author":2,"featured_media":0,"comment_status":"open","ping_status":"closed","sticky":false,"template":"","format":"standard","meta":{"footnotes":""},"categories":[10,11],"tags":[],"class_list":["post-2621","post","type-post","status-publish","format-standard","hentry","category-noticias","category-s3-videos","odd"],"_links":{"self":[{"href":"https:\/\/www.elplafon.es\/w\/wp-json\/wp\/v2\/posts\/2621","targetHints":{"allow":["GET"]}}],"collection":[{"href":"https:\/\/www.elplafon.es\/w\/wp-json\/wp\/v2\/posts"}],"about":[{"href":"https:\/\/www.elplafon.es\/w\/wp-json\/wp\/v2\/types\/post"}],"author":[{"embeddable":true,"href":"https:\/\/www.elplafon.es\/w\/wp-json\/wp\/v2\/users\/2"}],"replies":[{"embeddable":true,"href":"https:\/\/www.elplafon.es\/w\/wp-json\/wp\/v2\/comments?post=2621"}],"version-history":[{"count":10,"href":"https:\/\/www.elplafon.es\/w\/wp-json\/wp\/v2\/posts\/2621\/revisions"}],"predecessor-version":[{"id":2633,"href":"https:\/\/www.elplafon.es\/w\/wp-json\/wp\/v2\/posts\/2621\/revisions\/2633"}],"wp:attachment":[{"href":"https:\/\/www.elplafon.es\/w\/wp-json\/wp\/v2\/media?parent=2621"}],"wp:term":[{"taxonomy":"category","embeddable":true,"href":"https:\/\/www.elplafon.es\/w\/wp-json\/wp\/v2\/categories?post=2621"},{"taxonomy":"post_tag","embeddable":true,"href":"https:\/\/www.elplafon.es\/w\/wp-json\/wp\/v2\/tags?post=2621"}],"curies":[{"name":"wp","href":"https:\/\/api.w.org\/{rel}","templated":true}]}}