{"id":2393,"date":"2018-11-08T09:25:48","date_gmt":"2018-11-08T08:25:48","guid":{"rendered":"http:\/\/www.elplafon.es\/w\/?p=2393"},"modified":"2018-11-16T10:50:21","modified_gmt":"2018-11-16T09:50:21","slug":"xii-concurso-de-fotografia-el-plafon","status":"publish","type":"post","link":"https:\/\/www.elplafon.es\/w\/noticias\/xii-concurso-de-fotografia-el-plafon\/","title":{"rendered":"XII Concurso de Fotograf\u00eda El Plaf\u00f3n"},"content":{"rendered":"<ul>\n<li><!--more--><\/li>\n<\/ul>\n<p><img loading=\"lazy\" decoding=\"async\" class=\"size-full wp-image-2395\" src=\"http:\/\/www.elplafon.es\/w\/wp-content\/uploads\/2018\/11\/Cartel-Concurso-Foto2018-w.jpg\" alt=\"Cartel-Concurso-Foto2018-w\" width=\"1024\" height=\"1448\" srcset=\"https:\/\/www.elplafon.es\/w\/wp-content\/uploads\/2018\/11\/Cartel-Concurso-Foto2018-w.jpg 1024w, https:\/\/www.elplafon.es\/w\/wp-content\/uploads\/2018\/11\/Cartel-Concurso-Foto2018-w-212x300.jpg 212w, https:\/\/www.elplafon.es\/w\/wp-content\/uploads\/2018\/11\/Cartel-Concurso-Foto2018-w-768x1086.jpg 768w, https:\/\/www.elplafon.es\/w\/wp-content\/uploads\/2018\/11\/Cartel-Concurso-Foto2018-w-800x1131.jpg 800w\" sizes=\"auto, (max-width: 1024px) 100vw, 1024px\" \/><\/p>\n<p>Un a\u00f1o m\u00e1s los que teng\u00e1is buena mano con la c\u00e1mara de fotos, o aquellos que simplemente apret\u00e1is el bot\u00f3n a ver qu\u00e9 sale, est\u00e1is invitados a participar en el <strong>XII Concurso de Fotograf\u00eda El Plaf\u00f3n<\/strong>.<\/p>\n<hr>\n<p><strong>Tem\u00e1tica:<\/strong> Fotograf\u00eda de monta\u00f1a o su entorno natural y humano: alpinismo, escalada, esqu\u00ed, espeleolog\u00eda, descenso de barrancos, BTT, paisajes de monta\u00f1a&#8230;<\/p>\n<p><strong>Plazo de admisi\u00f3n de obras:<\/strong> Del 8 de noviembre al 7 de diciembre de 2018.<\/p>\n<p><strong>Premios:<\/strong><\/p>\n<ul>\n<li>1er premio: 150 \u20ac<\/li>\n<li>2\u00ba premio: 100 \u20ac<\/li>\n<li>3er premio: 50 \u20ac (Premio donado por Imprimarte).<\/li>\n<\/ul>\n<p><strong>Entrega de premios:<\/strong><\/p>\n<ul>\n<li><strong>Lugar<\/strong>: Casa de la ciudad, <a href=\"https:\/\/goo.gl\/maps\/KgCqpQ5MHxN2\" target=\"_blank\" rel=\"noopener\">calle Valle de Alcudia<\/a>, Ciudad Real.<\/li>\n<li><strong>Fecha<\/strong>: Martes 11 de diciembre.<\/li>\n<li><strong>Hora<\/strong>: A las 20:00 horas.<\/li>\n<\/ul>\n<p>Para tener toda la informaci\u00f3n sobre el concurso consulta las bases de concurso adjuntas.<\/p>\n<hr>\n<div class=\"attachments\"><dl class=\"attachments attachments-large\"><dt class=\"icon\">\r\n\t<a title=\"Bases-Concurso-Fotografia-El-Plafon-2018\" href=\"https:\/\/www.elplafon.es\/w\/noticias\/xii-concurso-de-fotografia-el-plafon\/?aid=2394&amp;sa=0\">\r\n\t\t<img loading=\"lazy\" decoding=\"async\" src=\"https:\/\/www.elplafon.es\/w\/wp-content\/plugins\/eg-attachments\/img\/flags\/document.png\" width=\"48\" height=\"48\"  alt=\"Bases-Concurso-Fotografia-El-Plafon-2018\" \/>\r\n\t<\/a>\r\n<\/dt>\r\n<dd class=\"caption\">\r\n\t<strong>T\u00edtulo<\/strong>: <a title=\"Bases-Concurso-Fotografia-El-Plafon-2018\" href=\"https:\/\/www.elplafon.es\/w\/noticias\/xii-concurso-de-fotografia-el-plafon\/?aid=2394&amp;sa=0\">Bases-Concurso-Fotografia-El-Plafon-2018<\/a> (0 click)\r\n\t<br\/>\r\n\t<strong>Leyenda<\/strong>: \r\n\t<br\/>\r\n\t<strong>Filename<\/strong>: bases-concurso-fotografia-el-plafon-2018.pdf\r\n\t<br\/>\r\n\t<strong>Size<\/strong>: 438 KB\r\n<\/dd>\r\n<\/dl><dl class=\"attachments attachments-large\"><dt class=\"icon\">\r\n\t<a title=\"DECLARACI\u00d3N JURADA\" href=\"https:\/\/www.elplafon.es\/w\/noticias\/xii-concurso-de-fotografia-el-plafon\/?aid=2396&amp;sa=0\">\r\n\t\t<img loading=\"lazy\" decoding=\"async\" src=\"https:\/\/www.elplafon.es\/w\/wp-content\/plugins\/eg-attachments\/img\/flags\/file-ext\/doc.png\" width=\"48\" height=\"48\"  alt=\"DECLARACI\u00d3N JURADA\" \/>\r\n\t<\/a>\r\n<\/dt>\r\n<dd class=\"caption\">\r\n\t<strong>T\u00edtulo<\/strong>: <a title=\"DECLARACI\u00d3N JURADA\" href=\"https:\/\/www.elplafon.es\/w\/noticias\/xii-concurso-de-fotografia-el-plafon\/?aid=2396&amp;sa=0\">DECLARACI\u00d3N JURADA<\/a> (0 click)\r\n\t<br\/>\r\n\t<strong>Leyenda<\/strong>: \r\n\t<br\/>\r\n\t<strong>Filename<\/strong>: declaracion-jurada-2.doc\r\n\t<br\/>\r\n\t<strong>Size<\/strong>: 27 KB\r\n<\/dd>\r\n<\/dl><p><\/p><\/div>\n<hr>\n","protected":false},"excerpt":{"rendered":"","protected":false},"author":2,"featured_media":0,"comment_status":"open","ping_status":"closed","sticky":false,"template":"","format":"standard","meta":{"footnotes":""},"categories":[10],"tags":[50,24,51],"class_list":["post-2393","post","type-post","status-publish","format-standard","hentry","category-noticias","tag-actividades","tag-el-plafon","tag-fotografia","odd"],"_links":{"self":[{"href":"https:\/\/www.elplafon.es\/w\/wp-json\/wp\/v2\/posts\/2393","targetHints":{"allow":["GET"]}}],"collection":[{"href":"https:\/\/www.elplafon.es\/w\/wp-json\/wp\/v2\/posts"}],"about":[{"href":"https:\/\/www.elplafon.es\/w\/wp-json\/wp\/v2\/types\/post"}],"author":[{"embeddable":true,"href":"https:\/\/www.elplafon.es\/w\/wp-json\/wp\/v2\/users\/2"}],"replies":[{"embeddable":true,"href":"https:\/\/www.elplafon.es\/w\/wp-json\/wp\/v2\/comments?post=2393"}],"version-history":[{"count":17,"href":"https:\/\/www.elplafon.es\/w\/wp-json\/wp\/v2\/posts\/2393\/revisions"}],"predecessor-version":[{"id":2443,"href":"https:\/\/www.elplafon.es\/w\/wp-json\/wp\/v2\/posts\/2393\/revisions\/2443"}],"wp:attachment":[{"href":"https:\/\/www.elplafon.es\/w\/wp-json\/wp\/v2\/media?parent=2393"}],"wp:term":[{"taxonomy":"category","embeddable":true,"href":"https:\/\/www.elplafon.es\/w\/wp-json\/wp\/v2\/categories?post=2393"},{"taxonomy":"post_tag","embeddable":true,"href":"https:\/\/www.elplafon.es\/w\/wp-json\/wp\/v2\/tags?post=2393"}],"curies":[{"name":"wp","href":"https:\/\/api.w.org\/{rel}","templated":true}]}}