{"id":2221,"date":"2017-12-03T00:20:01","date_gmt":"2017-12-02T23:20:01","guid":{"rendered":"http:\/\/www.elplafon.es\/w\/?p=2221"},"modified":"2017-12-04T00:23:36","modified_gmt":"2017-12-03T23:23:36","slug":"resultado-del-xi-concurso-fotografia-plafon","status":"publish","type":"post","link":"https:\/\/www.elplafon.es\/w\/noticias\/resultado-del-xi-concurso-fotografia-plafon\/","title":{"rendered":"Resultado del XI Concurso de Fotograf\u00eda El Plaf\u00f3n"},"content":{"rendered":"<h2>Ganadores:<\/h2>\n<figure id=\"attachment_2226\" aria-describedby=\"caption-attachment-2226\" style=\"width: 1024px\" class=\"wp-caption alignnone\"><img loading=\"lazy\" decoding=\"async\" class=\"size-full wp-image-2226\" src=\"http:\/\/www.elplafon.es\/w\/wp-content\/uploads\/2017\/12\/Perdido-r.jpg\" alt=\"\" width=\"1024\" height=\"631\" srcset=\"https:\/\/www.elplafon.es\/w\/wp-content\/uploads\/2017\/12\/Perdido-r.jpg 1024w, https:\/\/www.elplafon.es\/w\/wp-content\/uploads\/2017\/12\/Perdido-r-300x185.jpg 300w, https:\/\/www.elplafon.es\/w\/wp-content\/uploads\/2017\/12\/Perdido-r-768x473.jpg 768w, https:\/\/www.elplafon.es\/w\/wp-content\/uploads\/2017\/12\/Perdido-r-800x493.jpg 800w\" sizes=\"auto, (max-width: 1024px) 100vw, 1024px\" \/><figcaption id=\"caption-attachment-2226\" class=\"wp-caption-text\">Primer premio: Perdido<br \/>Miguel \u00c1ngel Romero Tercero. Miguelturra (Ciudad Real)<\/figcaption><\/figure>\n<hr \/>\n<figure id=\"attachment_2228\" aria-describedby=\"caption-attachment-2228\" style=\"width: 1024px\" class=\"wp-caption alignnone\"><img loading=\"lazy\" decoding=\"async\" class=\"size-full wp-image-2228\" src=\"http:\/\/www.elplafon.es\/w\/wp-content\/uploads\/2017\/12\/Boulder-amateur-r.jpg\" alt=\"\" width=\"1024\" height=\"683\" srcset=\"https:\/\/www.elplafon.es\/w\/wp-content\/uploads\/2017\/12\/Boulder-amateur-r.jpg 1024w, https:\/\/www.elplafon.es\/w\/wp-content\/uploads\/2017\/12\/Boulder-amateur-r-300x200.jpg 300w, https:\/\/www.elplafon.es\/w\/wp-content\/uploads\/2017\/12\/Boulder-amateur-r-768x512.jpg 768w, https:\/\/www.elplafon.es\/w\/wp-content\/uploads\/2017\/12\/Boulder-amateur-r-800x534.jpg 800w, https:\/\/www.elplafon.es\/w\/wp-content\/uploads\/2017\/12\/Boulder-amateur-r-480x320.jpg 480w\" sizes=\"auto, (max-width: 1024px) 100vw, 1024px\" \/><figcaption id=\"caption-attachment-2228\" class=\"wp-caption-text\">Segundo premio: Boulder amateur<br \/>Jos\u00e9 Luis M\u00e9ndez Fern\u00e1ndez. Santa Cruz de Tenerife<\/figcaption><\/figure>\n<hr \/>\n<figure id=\"attachment_2227\" aria-describedby=\"caption-attachment-2227\" style=\"width: 1024px\" class=\"wp-caption alignnone\"><img loading=\"lazy\" decoding=\"async\" class=\"size-full wp-image-2227\" src=\"http:\/\/www.elplafon.es\/w\/wp-content\/uploads\/2017\/12\/A-un-paso-de-la-cumbre-r.jpg\" alt=\"\" width=\"1024\" height=\"684\" srcset=\"https:\/\/www.elplafon.es\/w\/wp-content\/uploads\/2017\/12\/A-un-paso-de-la-cumbre-r.jpg 1024w, https:\/\/www.elplafon.es\/w\/wp-content\/uploads\/2017\/12\/A-un-paso-de-la-cumbre-r-300x200.jpg 300w, https:\/\/www.elplafon.es\/w\/wp-content\/uploads\/2017\/12\/A-un-paso-de-la-cumbre-r-768x513.jpg 768w, https:\/\/www.elplafon.es\/w\/wp-content\/uploads\/2017\/12\/A-un-paso-de-la-cumbre-r-800x534.jpg 800w, https:\/\/www.elplafon.es\/w\/wp-content\/uploads\/2017\/12\/A-un-paso-de-la-cumbre-r-480x320.jpg 480w\" sizes=\"auto, (max-width: 1024px) 100vw, 1024px\" \/><figcaption id=\"caption-attachment-2227\" class=\"wp-caption-text\">Tercer premio: A un paso de la cumbre<br \/>Daniel S\u00e1nchez Enjuto. Ponferrada (Le\u00f3n)<\/figcaption><\/figure>\n<h2>Finalistas:<\/h2>\n<div id='gallery-1' class='gallery galleryid-2221 gallery-columns-3 gallery-size-thumbnail'><figure class='gallery-item'>\n\t\t\t<div class='gallery-icon landscape'>\n\t\t\t\t<a href='https:\/\/www.elplafon.es\/w\/noticias\/resultado-del-xi-concurso-fotografia-plafon\/attachment\/bea-taidal-weif\/'><img loading=\"lazy\" decoding=\"async\" width=\"150\" height=\"150\" src=\"https:\/\/www.elplafon.es\/w\/wp-content\/uploads\/2017\/12\/bea-taidal-weif-150x150.jpg\" class=\"attachment-thumbnail size-thumbnail\" alt=\"\" aria-describedby=\"gallery-1-2261\" \/><\/a>\n\t\t\t<\/div>\n\t\t\t\t<figcaption class='wp-caption-text gallery-caption' id='gallery-1-2261'>\n\t\t\t\tJose J. Rubio Chac\u00f3n (Ciudad Real)\n\t\t\t\t<\/figcaption><\/figure><figure class='gallery-item'>\n\t\t\t<div class='gallery-icon landscape'>\n\t\t\t\t<a href='https:\/\/www.elplafon.es\/w\/noticias\/resultado-del-xi-concurso-fotografia-plafon\/attachment\/bsh\/'><img loading=\"lazy\" decoding=\"async\" width=\"150\" height=\"150\" src=\"https:\/\/www.elplafon.es\/w\/wp-content\/uploads\/2017\/12\/Bajo-la-luz-de-la-luna-150x150.jpg\" class=\"attachment-thumbnail size-thumbnail\" alt=\"\" aria-describedby=\"gallery-1-2271\" \/><\/a>\n\t\t\t<\/div>\n\t\t\t\t<figcaption class='wp-caption-text gallery-caption' id='gallery-1-2271'>\n\t\t\t\tEduardo Hern\u00e1ndez \u00c1lvarez (Miguelturra, Ciudad Real)\n\t\t\t\t<\/figcaption><\/figure><figure class='gallery-item'>\n\t\t\t<div class='gallery-icon portrait'>\n\t\t\t\t<a href='https:\/\/www.elplafon.es\/w\/noticias\/resultado-del-xi-concurso-fotografia-plafon\/attachment\/ready-to-go\/'><img loading=\"lazy\" decoding=\"async\" width=\"150\" height=\"150\" src=\"https:\/\/www.elplafon.es\/w\/wp-content\/uploads\/2017\/12\/Ready-to-go-150x150.jpg\" class=\"attachment-thumbnail size-thumbnail\" alt=\"\" aria-describedby=\"gallery-1-2286\" \/><\/a>\n\t\t\t<\/div>\n\t\t\t\t<figcaption class='wp-caption-text gallery-caption' id='gallery-1-2286'>\n\t\t\t\tChechu Arribas Carazo (El Ron, Huesca)\n\t\t\t\t<\/figcaption><\/figure><figure class='gallery-item'>\n\t\t\t<div class='gallery-icon landscape'>\n\t\t\t\t<a href='https:\/\/www.elplafon.es\/w\/noticias\/resultado-del-xi-concurso-fotografia-plafon\/attachment\/mar-de-primavera\/'><img loading=\"lazy\" decoding=\"async\" width=\"150\" height=\"150\" src=\"https:\/\/www.elplafon.es\/w\/wp-content\/uploads\/2017\/12\/Mar-de-primavera--150x150.jpg\" class=\"attachment-thumbnail size-thumbnail\" alt=\"\" aria-describedby=\"gallery-1-2249\" \/><\/a>\n\t\t\t<\/div>\n\t\t\t\t<figcaption class='wp-caption-text gallery-caption' id='gallery-1-2249'>\n\t\t\t\tDaniel S\u00e1nchez Enjuto, (Ponferrada, Le\u00f3n)\n\t\t\t\t<\/figcaption><\/figure><figure class='gallery-item'>\n\t\t\t<div class='gallery-icon portrait'>\n\t\t\t\t<a href='https:\/\/www.elplafon.es\/w\/noticias\/resultado-del-xi-concurso-fotografia-plafon\/attachment\/la-lucha-es-contigo-mismo\/'><img loading=\"lazy\" decoding=\"async\" width=\"150\" height=\"150\" src=\"https:\/\/www.elplafon.es\/w\/wp-content\/uploads\/2017\/12\/La-lucha-es-contigo-mismo.--150x150.jpg\" class=\"attachment-thumbnail size-thumbnail\" alt=\"\" aria-describedby=\"gallery-1-2285\" \/><\/a>\n\t\t\t<\/div>\n\t\t\t\t<figcaption class='wp-caption-text gallery-caption' id='gallery-1-2285'>\n\t\t\t\tChechu Arribas Carazo (El Ron, Huesca)\n\t\t\t\t<\/figcaption><\/figure><figure class='gallery-item'>\n\t\t\t<div class='gallery-icon portrait'>\n\t\t\t\t<a href='https:\/\/www.elplafon.es\/w\/noticias\/resultado-del-xi-concurso-fotografia-plafon\/attachment\/entre-nieblas-matinales\/'><img loading=\"lazy\" decoding=\"async\" width=\"150\" height=\"150\" src=\"https:\/\/www.elplafon.es\/w\/wp-content\/uploads\/2017\/12\/Entre-nieblas-matinales-150x150.jpg\" class=\"attachment-thumbnail size-thumbnail\" alt=\"\" aria-describedby=\"gallery-1-2239\" \/><\/a>\n\t\t\t<\/div>\n\t\t\t\t<figcaption class='wp-caption-text gallery-caption' id='gallery-1-2239'>\n\t\t\t\tFrancisco Javier Dom\u00ednguez Garc\u00eda (Jerez de la Frontera, C\u00e1diz)\n\t\t\t\t<\/figcaption><\/figure><figure class='gallery-item'>\n\t\t\t<div class='gallery-icon portrait'>\n\t\t\t\t<a href='https:\/\/www.elplafon.es\/w\/noticias\/resultado-del-xi-concurso-fotografia-plafon\/attachment\/sassopiatto\/'><img loading=\"lazy\" decoding=\"async\" width=\"150\" height=\"150\" src=\"https:\/\/www.elplafon.es\/w\/wp-content\/uploads\/2017\/12\/Sassopiatto-150x150.jpg\" class=\"attachment-thumbnail size-thumbnail\" alt=\"\" aria-describedby=\"gallery-1-2242\" \/><\/a>\n\t\t\t<\/div>\n\t\t\t\t<figcaption class='wp-caption-text gallery-caption' id='gallery-1-2242'>\n\t\t\t\tArnald Cano Vizca\u00edno (El Masnou, Barcelona)\n\t\t\t\t<\/figcaption><\/figure><figure class='gallery-item'>\n\t\t\t<div class='gallery-icon landscape'>\n\t\t\t\t<a href='https:\/\/www.elplafon.es\/w\/noticias\/resultado-del-xi-concurso-fotografia-plafon\/attachment\/bajo-el-sol\/'><img loading=\"lazy\" decoding=\"async\" width=\"150\" height=\"150\" src=\"https:\/\/www.elplafon.es\/w\/wp-content\/uploads\/2017\/12\/BAJO-EL-SOL-150x150.jpg\" class=\"attachment-thumbnail size-thumbnail\" alt=\"\" aria-describedby=\"gallery-1-2258\" \/><\/a>\n\t\t\t<\/div>\n\t\t\t\t<figcaption class='wp-caption-text gallery-caption' id='gallery-1-2258'>\n\t\t\t\tJonathan Herrero Garc\u00eda (Aguadulce, Almer\u00eda)\n\t\t\t\t<\/figcaption><\/figure><figure class='gallery-item'>\n\t\t\t<div class='gallery-icon landscape'>\n\t\t\t\t<a href='https:\/\/www.elplafon.es\/w\/noticias\/resultado-del-xi-concurso-fotografia-plafon\/attachment\/fuera-del-bernabeu-existe-el-cielo\/'><img loading=\"lazy\" decoding=\"async\" width=\"150\" height=\"150\" src=\"https:\/\/www.elplafon.es\/w\/wp-content\/uploads\/2017\/12\/Fuera-del-bernabeu-existe-el-cielo-150x150.jpg\" class=\"attachment-thumbnail size-thumbnail\" alt=\"\" aria-describedby=\"gallery-1-2292\" \/><\/a>\n\t\t\t<\/div>\n\t\t\t\t<figcaption class='wp-caption-text gallery-caption' id='gallery-1-2292'>\n\t\t\t\tMiguel \u00c1ngel Rojas Vel\u00e1zquez<\/strong> (Ciudad Real)\n\t\t\t\t<\/figcaption><\/figure><figure class='gallery-item'>\n\t\t\t<div class='gallery-icon landscape'>\n\t\t\t\t<a href='https:\/\/www.elplafon.es\/w\/noticias\/resultado-del-xi-concurso-fotografia-plafon\/attachment\/recuentro-con-la-diva\/'><img loading=\"lazy\" decoding=\"async\" width=\"150\" height=\"150\" src=\"https:\/\/www.elplafon.es\/w\/wp-content\/uploads\/2017\/12\/Recuentro-con-la-diva-150x150.jpg\" class=\"attachment-thumbnail size-thumbnail\" alt=\"\" aria-describedby=\"gallery-1-2294\" \/><\/a>\n\t\t\t<\/div>\n\t\t\t\t<figcaption class='wp-caption-text gallery-caption' id='gallery-1-2294'>\n\t\t\t\tMiguel \u00c1ngel Rojas Vel\u00e1zquez<\/strong> (Ciudad Real)\n\t\t\t\t<\/figcaption><\/figure><figure class='gallery-item'>\n\t\t\t<div class='gallery-icon portrait'>\n\t\t\t\t<a href='https:\/\/www.elplafon.es\/w\/noticias\/resultado-del-xi-concurso-fotografia-plafon\/attachment\/5-anios\/'><img loading=\"lazy\" decoding=\"async\" width=\"150\" height=\"150\" src=\"https:\/\/www.elplafon.es\/w\/wp-content\/uploads\/2017\/12\/5-anios-150x150.jpg\" class=\"attachment-thumbnail size-thumbnail\" alt=\"\" aria-describedby=\"gallery-1-2246\" \/><\/a>\n\t\t\t<\/div>\n\t\t\t\t<figcaption class='wp-caption-text gallery-caption' id='gallery-1-2246'>\n\t\t\t\tManuel Rojas Abad (Poblete, Ciudad Real)\n\t\t\t\t<\/figcaption><\/figure><figure class='gallery-item'>\n\t\t\t<div class='gallery-icon landscape'>\n\t\t\t\t<a href='https:\/\/www.elplafon.es\/w\/noticias\/resultado-del-xi-concurso-fotografia-plafon\/attachment\/valle\/'><img loading=\"lazy\" decoding=\"async\" width=\"150\" height=\"150\" src=\"https:\/\/www.elplafon.es\/w\/wp-content\/uploads\/2017\/12\/Valle-150x150.jpg\" class=\"attachment-thumbnail size-thumbnail\" alt=\"\" aria-describedby=\"gallery-1-2288\" \/><\/a>\n\t\t\t<\/div>\n\t\t\t\t<figcaption class='wp-caption-text gallery-caption' id='gallery-1-2288'>\n\t\t\t\tJavier Y\u00e1rnoz S\u00e1nchez (Pamplona)\n\t\t\t\t<\/figcaption><\/figure>\n\t\t<\/div>\n\n<h2>Resto de participantes:<\/h2>\n<div id='gallery-2' class='gallery galleryid-2221 gallery-columns-3 gallery-size-thumbnail'><figure class='gallery-item'>\n\t\t\t<div class='gallery-icon portrait'>\n\t\t\t\t<a href='https:\/\/www.elplafon.es\/w\/noticias\/resultado-del-xi-concurso-fotografia-plafon\/attachment\/camino\/'><img loading=\"lazy\" decoding=\"async\" width=\"150\" height=\"150\" src=\"https:\/\/www.elplafon.es\/w\/wp-content\/uploads\/2017\/12\/Camino-150x150.jpg\" class=\"attachment-thumbnail size-thumbnail\" alt=\"\" aria-describedby=\"gallery-2-2235\" \/><\/a>\n\t\t\t<\/div>\n\t\t\t\t<figcaption class='wp-caption-text gallery-caption' id='gallery-2-2235'>\n\t\t\t\tJavier Palacino Fontecha, (Los Y\u00e9benes, Toledo)\n\t\t\t\t<\/figcaption><\/figure><figure class='gallery-item'>\n\t\t\t<div class='gallery-icon landscape'>\n\t\t\t\t<a href='https:\/\/www.elplafon.es\/w\/noticias\/resultado-del-xi-concurso-fotografia-plafon\/attachment\/perfiles\/'><img loading=\"lazy\" decoding=\"async\" width=\"150\" height=\"150\" src=\"https:\/\/www.elplafon.es\/w\/wp-content\/uploads\/2017\/12\/Perfiles-150x150.jpg\" class=\"attachment-thumbnail size-thumbnail\" alt=\"\" aria-describedby=\"gallery-2-2287\" \/><\/a>\n\t\t\t<\/div>\n\t\t\t\t<figcaption class='wp-caption-text gallery-caption' id='gallery-2-2287'>\n\t\t\t\tJavier Y\u00e1rnoz S\u00e1nchez (Pamplona)\n\t\t\t\t<\/figcaption><\/figure><figure class='gallery-item'>\n\t\t\t<div class='gallery-icon landscape'>\n\t\t\t\t<a href='https:\/\/www.elplafon.es\/w\/noticias\/resultado-del-xi-concurso-fotografia-plafon\/attachment\/fuera-de-la-zona-de-confort\/'><img loading=\"lazy\" decoding=\"async\" width=\"150\" height=\"150\" src=\"https:\/\/www.elplafon.es\/w\/wp-content\/uploads\/2017\/12\/Fuera-de-la-zona-de-confort-150x150.jpg\" class=\"attachment-thumbnail size-thumbnail\" alt=\"\" aria-describedby=\"gallery-2-2284\" \/><\/a>\n\t\t\t<\/div>\n\t\t\t\t<figcaption class='wp-caption-text gallery-caption' id='gallery-2-2284'>\n\t\t\t\tChechu Arribas Carazo (El Ron, Huesca)\n\t\t\t\t<\/figcaption><\/figure><figure class='gallery-item'>\n\t\t\t<div class='gallery-icon portrait'>\n\t\t\t\t<a href='https:\/\/www.elplafon.es\/w\/noticias\/resultado-del-xi-concurso-fotografia-plafon\/attachment\/la-higuera-con-chorrera\/'><img loading=\"lazy\" decoding=\"async\" width=\"150\" height=\"150\" src=\"https:\/\/www.elplafon.es\/w\/wp-content\/uploads\/2017\/12\/La-higuera-con-chorrera-150x150.jpg\" class=\"attachment-thumbnail size-thumbnail\" alt=\"\" aria-describedby=\"gallery-2-2283\" \/><\/a>\n\t\t\t<\/div>\n\t\t\t\t<figcaption class='wp-caption-text gallery-caption' id='gallery-2-2283'>\n\t\t\t\tSara Peinado Cruz (Ja\u00e9n)\n\t\t\t\t<\/figcaption><\/figure><figure class='gallery-item'>\n\t\t\t<div class='gallery-icon portrait'>\n\t\t\t\t<a href='https:\/\/www.elplafon.es\/w\/noticias\/resultado-del-xi-concurso-fotografia-plafon\/attachment\/olympus-digital-camera-6\/'><img loading=\"lazy\" decoding=\"async\" width=\"150\" height=\"150\" src=\"https:\/\/www.elplafon.es\/w\/wp-content\/uploads\/2017\/12\/Atardece-que-no-es-poco-150x150.jpg\" class=\"attachment-thumbnail size-thumbnail\" alt=\"\" aria-describedby=\"gallery-2-2282\" \/><\/a>\n\t\t\t<\/div>\n\t\t\t\t<figcaption class='wp-caption-text gallery-caption' id='gallery-2-2282'>\n\t\t\t\tSara Peinado Cruz (Ja\u00e9n)\n\t\t\t\t<\/figcaption><\/figure><figure class='gallery-item'>\n\t\t\t<div class='gallery-icon landscape'>\n\t\t\t\t<a href='https:\/\/www.elplafon.es\/w\/noticias\/resultado-del-xi-concurso-fotografia-plafon\/attachment\/alcandoras\/'><img loading=\"lazy\" decoding=\"async\" width=\"150\" height=\"150\" src=\"https:\/\/www.elplafon.es\/w\/wp-content\/uploads\/2017\/12\/Alcandoras-150x150.jpg\" class=\"attachment-thumbnail size-thumbnail\" alt=\"\" aria-describedby=\"gallery-2-2281\" \/><\/a>\n\t\t\t<\/div>\n\t\t\t\t<figcaption class='wp-caption-text gallery-caption' id='gallery-2-2281'>\n\t\t\t\tSara Peinado Cruz (Ja\u00e9n)\n\t\t\t\t<\/figcaption><\/figure><figure class='gallery-item'>\n\t\t\t<div class='gallery-icon landscape'>\n\t\t\t\t<a href='https:\/\/www.elplafon.es\/w\/noticias\/resultado-del-xi-concurso-fotografia-plafon\/attachment\/sup-entre-delfines\/'><img loading=\"lazy\" decoding=\"async\" width=\"150\" height=\"150\" src=\"https:\/\/www.elplafon.es\/w\/wp-content\/uploads\/2017\/12\/SUP-ENTRE-DELFINES-150x150.jpg\" class=\"attachment-thumbnail size-thumbnail\" alt=\"\" aria-describedby=\"gallery-2-2280\" \/><\/a>\n\t\t\t<\/div>\n\t\t\t\t<figcaption class='wp-caption-text gallery-caption' id='gallery-2-2280'>\n\t\t\t\tEduardo Navarro Serrano, (Ciudad Real)\n\t\t\t\t<\/figcaption><\/figure><figure class='gallery-item'>\n\t\t\t<div class='gallery-icon landscape'>\n\t\t\t\t<a href='https:\/\/www.elplafon.es\/w\/noticias\/resultado-del-xi-concurso-fotografia-plafon\/attachment\/celebrando-pena-blanca\/'><img loading=\"lazy\" decoding=\"async\" width=\"150\" height=\"150\" src=\"https:\/\/www.elplafon.es\/w\/wp-content\/uploads\/2017\/12\/CELEBRANDO-PENA-BLANCA-150x150.jpg\" class=\"attachment-thumbnail size-thumbnail\" alt=\"\" aria-describedby=\"gallery-2-2279\" \/><\/a>\n\t\t\t<\/div>\n\t\t\t\t<figcaption class='wp-caption-text gallery-caption' id='gallery-2-2279'>\n\t\t\t\tEduardo Navarro Serrano, (Ciudad Real)\n\t\t\t\t<\/figcaption><\/figure><figure class='gallery-item'>\n\t\t\t<div class='gallery-icon portrait'>\n\t\t\t\t<a href='https:\/\/www.elplafon.es\/w\/noticias\/resultado-del-xi-concurso-fotografia-plafon\/attachment\/adherencia-en-la-botri\/'><img loading=\"lazy\" decoding=\"async\" width=\"150\" height=\"150\" src=\"https:\/\/www.elplafon.es\/w\/wp-content\/uploads\/2017\/12\/ADHERENCIA-EN-LA-BOTRI-150x150.jpg\" class=\"attachment-thumbnail size-thumbnail\" alt=\"\" aria-describedby=\"gallery-2-2278\" \/><\/a>\n\t\t\t<\/div>\n\t\t\t\t<figcaption class='wp-caption-text gallery-caption' id='gallery-2-2278'>\n\t\t\t\tEduardo Navarro Serrano, (Ciudad Real)\n\t\t\t\t<\/figcaption><\/figure><figure class='gallery-item'>\n\t\t\t<div class='gallery-icon landscape'>\n\t\t\t\t<a href='https:\/\/www.elplafon.es\/w\/noticias\/resultado-del-xi-concurso-fotografia-plafon\/attachment\/tu-escala-que-yo-duermo\/'><img loading=\"lazy\" decoding=\"async\" width=\"150\" height=\"150\" src=\"https:\/\/www.elplafon.es\/w\/wp-content\/uploads\/2017\/12\/tu-escala-que-yo-duermo-150x150.jpg\" class=\"attachment-thumbnail size-thumbnail\" alt=\"\" aria-describedby=\"gallery-2-2277\" \/><\/a>\n\t\t\t<\/div>\n\t\t\t\t<figcaption class='wp-caption-text gallery-caption' id='gallery-2-2277'>\n\t\t\t\tAlejandro Relucio, (Ciudad Real)\n\t\t\t\t<\/figcaption><\/figure><figure class='gallery-item'>\n\t\t\t<div class='gallery-icon landscape'>\n\t\t\t\t<a href='https:\/\/www.elplafon.es\/w\/noticias\/resultado-del-xi-concurso-fotografia-plafon\/attachment\/the-hole\/'><img loading=\"lazy\" decoding=\"async\" width=\"150\" height=\"150\" src=\"https:\/\/www.elplafon.es\/w\/wp-content\/uploads\/2017\/12\/the-hole-150x150.jpg\" class=\"attachment-thumbnail size-thumbnail\" alt=\"\" aria-describedby=\"gallery-2-2276\" \/><\/a>\n\t\t\t<\/div>\n\t\t\t\t<figcaption class='wp-caption-text gallery-caption' id='gallery-2-2276'>\n\t\t\t\tAlejandro Relucio, (Ciudad Real)\n\t\t\t\t<\/figcaption><\/figure><figure class='gallery-item'>\n\t\t\t<div class='gallery-icon landscape'>\n\t\t\t\t<a href='https:\/\/www.elplafon.es\/w\/noticias\/resultado-del-xi-concurso-fotografia-plafon\/attachment\/las-catedrales\/'><img loading=\"lazy\" decoding=\"async\" width=\"150\" height=\"150\" src=\"https:\/\/www.elplafon.es\/w\/wp-content\/uploads\/2017\/12\/las-catedrales-150x150.jpg\" class=\"attachment-thumbnail size-thumbnail\" alt=\"\" aria-describedby=\"gallery-2-2275\" \/><\/a>\n\t\t\t<\/div>\n\t\t\t\t<figcaption class='wp-caption-text gallery-caption' id='gallery-2-2275'>\n\t\t\t\tAlejandro Relucio, (Ciudad Real)\n\t\t\t\t<\/figcaption><\/figure><figure class='gallery-item'>\n\t\t\t<div class='gallery-icon portrait'>\n\t\t\t\t<a href='https:\/\/www.elplafon.es\/w\/noticias\/resultado-del-xi-concurso-fotografia-plafon\/attachment\/huellas\/'><img loading=\"lazy\" decoding=\"async\" width=\"150\" height=\"150\" src=\"https:\/\/www.elplafon.es\/w\/wp-content\/uploads\/2017\/12\/Huellas-150x150.jpg\" class=\"attachment-thumbnail size-thumbnail\" alt=\"\" aria-describedby=\"gallery-2-2274\" \/><\/a>\n\t\t\t<\/div>\n\t\t\t\t<figcaption class='wp-caption-text gallery-caption' id='gallery-2-2274'>\n\t\t\t\tMiguel \u00c1ngel Romero Tercero. Miguelturra (Ciudad Real)\n\t\t\t\t<\/figcaption><\/figure><figure class='gallery-item'>\n\t\t\t<div class='gallery-icon portrait'>\n\t\t\t\t<a href='https:\/\/www.elplafon.es\/w\/noticias\/resultado-del-xi-concurso-fotografia-plafon\/attachment\/elementos\/'><img loading=\"lazy\" decoding=\"async\" width=\"150\" height=\"150\" src=\"https:\/\/www.elplafon.es\/w\/wp-content\/uploads\/2017\/12\/Elementos-150x150.jpg\" class=\"attachment-thumbnail size-thumbnail\" alt=\"\" aria-describedby=\"gallery-2-2273\" \/><\/a>\n\t\t\t<\/div>\n\t\t\t\t<figcaption class='wp-caption-text gallery-caption' id='gallery-2-2273'>\n\t\t\t\tMiguel \u00c1ngel Romero Tercero. Miguelturra (Ciudad Real)\n\t\t\t\t<\/figcaption><\/figure><figure class='gallery-item'>\n\t\t\t<div class='gallery-icon landscape'>\n\t\t\t\t<a href='https:\/\/www.elplafon.es\/w\/noticias\/resultado-del-xi-concurso-fotografia-plafon\/attachment\/cof\/'><img loading=\"lazy\" decoding=\"async\" width=\"150\" height=\"150\" src=\"https:\/\/www.elplafon.es\/w\/wp-content\/uploads\/2017\/12\/Ande-leche-esta-la-via-150x150.jpg\" class=\"attachment-thumbnail size-thumbnail\" alt=\"\" aria-describedby=\"gallery-2-2272\" \/><\/a>\n\t\t\t<\/div>\n\t\t\t\t<figcaption class='wp-caption-text gallery-caption' id='gallery-2-2272'>\n\t\t\t\tEduardo Hern\u00e1ndez \u00c1lvarez (Miguelturra, Ciudad Real)\n\t\t\t\t<\/figcaption><\/figure><figure class='gallery-item'>\n\t\t\t<div class='gallery-icon portrait'>\n\t\t\t\t<a href='https:\/\/www.elplafon.es\/w\/noticias\/resultado-del-xi-concurso-fotografia-plafon\/attachment\/sdr\/'><img loading=\"lazy\" decoding=\"async\" width=\"150\" height=\"150\" src=\"https:\/\/www.elplafon.es\/w\/wp-content\/uploads\/2017\/12\/Atacando-al-diedro-150x150.jpg\" class=\"attachment-thumbnail size-thumbnail\" alt=\"\" aria-describedby=\"gallery-2-2270\" \/><\/a>\n\t\t\t<\/div>\n\t\t\t\t<figcaption class='wp-caption-text gallery-caption' id='gallery-2-2270'>\n\t\t\t\tEduardo Hern\u00e1ndez \u00c1lvarez (Miguelturra, Ciudad Real)\n\t\t\t\t<\/figcaption><\/figure><figure class='gallery-item'>\n\t\t\t<div class='gallery-icon landscape'>\n\t\t\t\t<a href='https:\/\/www.elplafon.es\/w\/noticias\/resultado-del-xi-concurso-fotografia-plafon\/attachment\/olympus-digital-camera-5\/'><img loading=\"lazy\" decoding=\"async\" width=\"150\" height=\"150\" src=\"https:\/\/www.elplafon.es\/w\/wp-content\/uploads\/2017\/12\/Zumosol-150x150.jpg\" class=\"attachment-thumbnail size-thumbnail\" alt=\"\" aria-describedby=\"gallery-2-2269\" \/><\/a>\n\t\t\t<\/div>\n\t\t\t\t<figcaption class='wp-caption-text gallery-caption' id='gallery-2-2269'>\n\t\t\t\tFrancisco Heredia Gasc\u00f3n (Ciudad Real)\n\t\t\t\t<\/figcaption><\/figure><figure class='gallery-item'>\n\t\t\t<div class='gallery-icon landscape'>\n\t\t\t\t<a href='https:\/\/www.elplafon.es\/w\/noticias\/resultado-del-xi-concurso-fotografia-plafon\/attachment\/lo-mejor-de-escalar\/'><img loading=\"lazy\" decoding=\"async\" width=\"150\" height=\"150\" src=\"https:\/\/www.elplafon.es\/w\/wp-content\/uploads\/2017\/12\/lo-mejor-de-escalar-150x150.jpg\" class=\"attachment-thumbnail size-thumbnail\" alt=\"\" aria-describedby=\"gallery-2-2268\" \/><\/a>\n\t\t\t<\/div>\n\t\t\t\t<figcaption class='wp-caption-text gallery-caption' id='gallery-2-2268'>\n\t\t\t\tFrancisco Heredia Gasc\u00f3n (Ciudad Real)\n\t\t\t\t<\/figcaption><\/figure><figure class='gallery-item'>\n\t\t\t<div class='gallery-icon landscape'>\n\t\t\t\t<a href='https:\/\/www.elplafon.es\/w\/noticias\/resultado-del-xi-concurso-fotografia-plafon\/attachment\/olympus-digital-camera-4\/'><img loading=\"lazy\" decoding=\"async\" width=\"150\" height=\"150\" src=\"https:\/\/www.elplafon.es\/w\/wp-content\/uploads\/2017\/12\/8mil-150x150.jpg\" class=\"attachment-thumbnail size-thumbnail\" alt=\"\" aria-describedby=\"gallery-2-2267\" \/><\/a>\n\t\t\t<\/div>\n\t\t\t\t<figcaption class='wp-caption-text gallery-caption' id='gallery-2-2267'>\n\t\t\t\tFrancisco Heredia Gasc\u00f3n\n\t\t\t\t<\/figcaption><\/figure><figure class='gallery-item'>\n\t\t\t<div class='gallery-icon portrait'>\n\t\t\t\t<a href='https:\/\/www.elplafon.es\/w\/noticias\/resultado-del-xi-concurso-fotografia-plafon\/attachment\/sin-titulo-2\/'><img loading=\"lazy\" decoding=\"async\" width=\"150\" height=\"150\" src=\"https:\/\/www.elplafon.es\/w\/wp-content\/uploads\/2017\/12\/Sin-Titulo-2-150x150.jpg\" class=\"attachment-thumbnail size-thumbnail\" alt=\"\" aria-describedby=\"gallery-2-2266\" \/><\/a>\n\t\t\t<\/div>\n\t\t\t\t<figcaption class='wp-caption-text gallery-caption' id='gallery-2-2266'>\n\t\t\t\tLuis Fernando Peinado Cruz (Ja\u00e9n)\n\t\t\t\t<\/figcaption><\/figure><figure class='gallery-item'>\n\t\t\t<div class='gallery-icon landscape'>\n\t\t\t\t<a href='https:\/\/www.elplafon.es\/w\/noticias\/resultado-del-xi-concurso-fotografia-plafon\/attachment\/sin-titulo-1\/'><img loading=\"lazy\" decoding=\"async\" width=\"150\" height=\"150\" src=\"https:\/\/www.elplafon.es\/w\/wp-content\/uploads\/2017\/12\/Sin-Titulo-1-150x150.jpg\" class=\"attachment-thumbnail size-thumbnail\" alt=\"\" aria-describedby=\"gallery-2-2265\" \/><\/a>\n\t\t\t<\/div>\n\t\t\t\t<figcaption class='wp-caption-text gallery-caption' id='gallery-2-2265'>\n\t\t\t\tLuis Fernando Peinado Cruz (Ja\u00e9n)\n\t\t\t\t<\/figcaption><\/figure><figure class='gallery-item'>\n\t\t\t<div class='gallery-icon landscape'>\n\t\t\t\t<a href='https:\/\/www.elplafon.es\/w\/noticias\/resultado-del-xi-concurso-fotografia-plafon\/attachment\/sin-titulo-3\/'><img loading=\"lazy\" decoding=\"async\" width=\"150\" height=\"150\" src=\"https:\/\/www.elplafon.es\/w\/wp-content\/uploads\/2017\/12\/Sin-Titulo-3-150x150.jpg\" class=\"attachment-thumbnail size-thumbnail\" alt=\"\" aria-describedby=\"gallery-2-2264\" \/><\/a>\n\t\t\t<\/div>\n\t\t\t\t<figcaption class='wp-caption-text gallery-caption' id='gallery-2-2264'>\n\t\t\t\tLuis Fernando Peinado Cruz (Ja\u00e9n)\n\t\t\t\t<\/figcaption><\/figure><figure class='gallery-item'>\n\t\t\t<div class='gallery-icon portrait'>\n\t\t\t\t<a href='https:\/\/www.elplafon.es\/w\/noticias\/resultado-del-xi-concurso-fotografia-plafon\/attachment\/janfri-margalef\/'><img loading=\"lazy\" decoding=\"async\" width=\"150\" height=\"150\" src=\"https:\/\/www.elplafon.es\/w\/wp-content\/uploads\/2017\/12\/janfri-margalef-150x150.jpg\" class=\"attachment-thumbnail size-thumbnail\" alt=\"\" aria-describedby=\"gallery-2-2263\" \/><\/a>\n\t\t\t<\/div>\n\t\t\t\t<figcaption class='wp-caption-text gallery-caption' id='gallery-2-2263'>\n\t\t\t\tJose J. Rubio Chac\u00f3n (Ciudad Real)\n\t\t\t\t<\/figcaption><\/figure><figure class='gallery-item'>\n\t\t\t<div class='gallery-icon landscape'>\n\t\t\t\t<a href='https:\/\/www.elplafon.es\/w\/noticias\/resultado-del-xi-concurso-fotografia-plafon\/attachment\/conanancio-chorra\/'><img loading=\"lazy\" decoding=\"async\" width=\"150\" height=\"150\" src=\"https:\/\/www.elplafon.es\/w\/wp-content\/uploads\/2017\/12\/conanancio-chorra-150x150.jpg\" class=\"attachment-thumbnail size-thumbnail\" alt=\"\" aria-describedby=\"gallery-2-2262\" \/><\/a>\n\t\t\t<\/div>\n\t\t\t\t<figcaption class='wp-caption-text gallery-caption' id='gallery-2-2262'>\n\t\t\t\tJose J. Rubio Chac\u00f3n (Ciudad Real)\n\t\t\t\t<\/figcaption><\/figure><figure class='gallery-item'>\n\t\t\t<div class='gallery-icon portrait'>\n\t\t\t\t<a href='https:\/\/www.elplafon.es\/w\/noticias\/resultado-del-xi-concurso-fotografia-plafon\/attachment\/inframundo\/'><img loading=\"lazy\" decoding=\"async\" width=\"150\" height=\"150\" src=\"https:\/\/www.elplafon.es\/w\/wp-content\/uploads\/2017\/12\/INFRAMUNDO-150x150.jpg\" class=\"attachment-thumbnail size-thumbnail\" alt=\"\" aria-describedby=\"gallery-2-2260\" \/><\/a>\n\t\t\t<\/div>\n\t\t\t\t<figcaption class='wp-caption-text gallery-caption' id='gallery-2-2260'>\n\t\t\t\tJonathan Herrero Garc\u00eda (Aguadulce, Almer\u00eda)\n\t\t\t\t<\/figcaption><\/figure><figure class='gallery-item'>\n\t\t\t<div class='gallery-icon portrait'>\n\t\t\t\t<a href='https:\/\/www.elplafon.es\/w\/noticias\/resultado-del-xi-concurso-fotografia-plafon\/attachment\/frente-al-espejo\/'><img loading=\"lazy\" decoding=\"async\" width=\"150\" height=\"150\" src=\"https:\/\/www.elplafon.es\/w\/wp-content\/uploads\/2017\/12\/FRENTE-AL-ESPEJO-150x150.jpg\" class=\"attachment-thumbnail size-thumbnail\" alt=\"\" aria-describedby=\"gallery-2-2259\" \/><\/a>\n\t\t\t<\/div>\n\t\t\t\t<figcaption class='wp-caption-text gallery-caption' id='gallery-2-2259'>\n\t\t\t\tJonathan Herrero Garc\u00eda (Aguadulce, Almer\u00eda)\n\t\t\t\t<\/figcaption><\/figure><figure class='gallery-item'>\n\t\t\t<div class='gallery-icon landscape'>\n\t\t\t\t<a href='https:\/\/www.elplafon.es\/w\/noticias\/resultado-del-xi-concurso-fotografia-plafon\/attachment\/un-nuevo-montanero-se-perfila\/'><img loading=\"lazy\" decoding=\"async\" width=\"150\" height=\"150\" src=\"https:\/\/www.elplafon.es\/w\/wp-content\/uploads\/2017\/12\/Un-nuevo-montanero-se-perfila-150x150.jpg\" class=\"attachment-thumbnail size-thumbnail\" alt=\"\" aria-describedby=\"gallery-2-2257\" \/><\/a>\n\t\t\t<\/div>\n\t\t\t\t<figcaption class='wp-caption-text gallery-caption' id='gallery-2-2257'>\n\t\t\t\tGonzalo Garc\u00eda Guerra (Navalperal de Pinares, \u00c1vila)\n\t\t\t\t<\/figcaption><\/figure><figure class='gallery-item'>\n\t\t\t<div class='gallery-icon landscape'>\n\t\t\t\t<a href='https:\/\/www.elplafon.es\/w\/noticias\/resultado-del-xi-concurso-fotografia-plafon\/attachment\/los-caminos-por-andar\/'><img loading=\"lazy\" decoding=\"async\" width=\"150\" height=\"150\" src=\"https:\/\/www.elplafon.es\/w\/wp-content\/uploads\/2017\/12\/Los-caminos-por-andar-150x150.jpg\" class=\"attachment-thumbnail size-thumbnail\" alt=\"\" aria-describedby=\"gallery-2-2256\" \/><\/a>\n\t\t\t<\/div>\n\t\t\t\t<figcaption class='wp-caption-text gallery-caption' id='gallery-2-2256'>\n\t\t\t\tGonzalo Garc\u00eda Guerra (Navalperal de Pinares, \u00c1vila)\n\t\t\t\t<\/figcaption><\/figure><figure class='gallery-item'>\n\t\t\t<div class='gallery-icon landscape'>\n\t\t\t\t<a href='https:\/\/www.elplafon.es\/w\/noticias\/resultado-del-xi-concurso-fotografia-plafon\/attachment\/hermanados-por-la-montana\/'><img loading=\"lazy\" decoding=\"async\" width=\"150\" height=\"150\" src=\"https:\/\/www.elplafon.es\/w\/wp-content\/uploads\/2017\/12\/Hermanados-por-la-montana-150x150.jpg\" class=\"attachment-thumbnail size-thumbnail\" alt=\"\" aria-describedby=\"gallery-2-2255\" \/><\/a>\n\t\t\t<\/div>\n\t\t\t\t<figcaption class='wp-caption-text gallery-caption' id='gallery-2-2255'>\n\t\t\t\tGonzalo Garc\u00eda Guerra (Navalperal de Pinares, \u00c1vila)\n\t\t\t\t<\/figcaption><\/figure><figure class='gallery-item'>\n\t\t\t<div class='gallery-icon landscape'>\n\t\t\t\t<a href='https:\/\/www.elplafon.es\/w\/noticias\/resultado-del-xi-concurso-fotografia-plafon\/attachment\/konica-minolta-digital-camera-2\/'><img loading=\"lazy\" decoding=\"async\" width=\"150\" height=\"150\" src=\"https:\/\/www.elplafon.es\/w\/wp-content\/uploads\/2017\/12\/Valle-del-lago-150x150.jpg\" class=\"attachment-thumbnail size-thumbnail\" alt=\"\" aria-describedby=\"gallery-2-2254\" \/><\/a>\n\t\t\t<\/div>\n\t\t\t\t<figcaption class='wp-caption-text gallery-caption' id='gallery-2-2254'>\n\t\t\t\tEsther Guillem Bordera\n\t\t\t\t<\/figcaption><\/figure><figure class='gallery-item'>\n\t\t\t<div class='gallery-icon landscape'>\n\t\t\t\t<a href='https:\/\/www.elplafon.es\/w\/noticias\/resultado-del-xi-concurso-fotografia-plafon\/attachment\/konica-minolta-digital-camera\/'><img loading=\"lazy\" decoding=\"async\" width=\"150\" height=\"150\" src=\"https:\/\/www.elplafon.es\/w\/wp-content\/uploads\/2017\/12\/Geminis-150x150.jpg\" class=\"attachment-thumbnail size-thumbnail\" alt=\"\" aria-describedby=\"gallery-2-2253\" \/><\/a>\n\t\t\t<\/div>\n\t\t\t\t<figcaption class='wp-caption-text gallery-caption' id='gallery-2-2253'>\n\t\t\t\tEsther Guillem Bordera\n\t\t\t\t<\/figcaption><\/figure><figure class='gallery-item'>\n\t\t\t<div class='gallery-icon landscape'>\n\t\t\t\t<a href='https:\/\/www.elplafon.es\/w\/noticias\/resultado-del-xi-concurso-fotografia-plafon\/attachment\/en-la-cima\/'><img loading=\"lazy\" decoding=\"async\" width=\"150\" height=\"150\" src=\"https:\/\/www.elplafon.es\/w\/wp-content\/uploads\/2017\/12\/En-la-cima-150x150.jpg\" class=\"attachment-thumbnail size-thumbnail\" alt=\"\" aria-describedby=\"gallery-2-2252\" \/><\/a>\n\t\t\t<\/div>\n\t\t\t\t<figcaption class='wp-caption-text gallery-caption' id='gallery-2-2252'>\n\t\t\t\tSergi Guill Juan\n\t\t\t\t<\/figcaption><\/figure><figure class='gallery-item'>\n\t\t\t<div class='gallery-icon landscape'>\n\t\t\t\t<a href='https:\/\/www.elplafon.es\/w\/noticias\/resultado-del-xi-concurso-fotografia-plafon\/attachment\/alto-1\/'><img loading=\"lazy\" decoding=\"async\" width=\"150\" height=\"150\" src=\"https:\/\/www.elplafon.es\/w\/wp-content\/uploads\/2017\/12\/alto-1-150x150.jpg\" class=\"attachment-thumbnail size-thumbnail\" alt=\"\" aria-describedby=\"gallery-2-2251\" \/><\/a>\n\t\t\t<\/div>\n\t\t\t\t<figcaption class='wp-caption-text gallery-caption' id='gallery-2-2251'>\n\t\t\t\tSergi Guill Juan\n\t\t\t\t<\/figcaption><\/figure><figure class='gallery-item'>\n\t\t\t<div class='gallery-icon landscape'>\n\t\t\t\t<a href='https:\/\/www.elplafon.es\/w\/noticias\/resultado-del-xi-concurso-fotografia-plafon\/attachment\/mi-vida\/'><img loading=\"lazy\" decoding=\"async\" width=\"150\" height=\"150\" src=\"https:\/\/www.elplafon.es\/w\/wp-content\/uploads\/2017\/12\/mi-vida-150x150.jpg\" class=\"attachment-thumbnail size-thumbnail\" alt=\"\" aria-describedby=\"gallery-2-2250\" \/><\/a>\n\t\t\t<\/div>\n\t\t\t\t<figcaption class='wp-caption-text gallery-caption' id='gallery-2-2250'>\n\t\t\t\tSergi Guill Juan\n\t\t\t\t<\/figcaption><\/figure><figure class='gallery-item'>\n\t\t\t<div class='gallery-icon landscape'>\n\t\t\t\t<a href='https:\/\/www.elplafon.es\/w\/noticias\/resultado-del-xi-concurso-fotografia-plafon\/attachment\/el-placer\/'><img loading=\"lazy\" decoding=\"async\" width=\"150\" height=\"150\" src=\"https:\/\/www.elplafon.es\/w\/wp-content\/uploads\/2017\/12\/El-placer--150x150.jpg\" class=\"attachment-thumbnail size-thumbnail\" alt=\"\" aria-describedby=\"gallery-2-2248\" \/><\/a>\n\t\t\t<\/div>\n\t\t\t\t<figcaption class='wp-caption-text gallery-caption' id='gallery-2-2248'>\n\t\t\t\tDaniel S\u00e1nchez Enjuto, (Ponferrada, Le\u00f3n)\n\t\t\t\t<\/figcaption><\/figure><figure class='gallery-item'>\n\t\t\t<div class='gallery-icon landscape'>\n\t\t\t\t<a href='https:\/\/www.elplafon.es\/w\/noticias\/resultado-del-xi-concurso-fotografia-plafon\/attachment\/boulder-amateur-2\/'><img loading=\"lazy\" decoding=\"async\" width=\"150\" height=\"150\" src=\"https:\/\/www.elplafon.es\/w\/wp-content\/uploads\/2017\/12\/Boulder-amateur-2-150x150.jpg\" class=\"attachment-thumbnail size-thumbnail\" alt=\"\" aria-describedby=\"gallery-2-2245\" \/><\/a>\n\t\t\t<\/div>\n\t\t\t\t<figcaption class='wp-caption-text gallery-caption' id='gallery-2-2245'>\n\t\t\t\tJos\u00e9 Luis M\u00e9ndez Fern\u00e1ndez (Santa Cruz de Tenerife)\n\t\t\t\t<\/figcaption><\/figure><figure class='gallery-item'>\n\t\t\t<div class='gallery-icon portrait'>\n\t\t\t\t<a href='https:\/\/www.elplafon.es\/w\/noticias\/resultado-del-xi-concurso-fotografia-plafon\/attachment\/escalada-en-el-barranco-de-ortiz\/'><img loading=\"lazy\" decoding=\"async\" width=\"150\" height=\"150\" src=\"https:\/\/www.elplafon.es\/w\/wp-content\/uploads\/2017\/12\/Escalada-en-el-Barranco-de-Ortiz-150x150.jpg\" class=\"attachment-thumbnail size-thumbnail\" alt=\"\" aria-describedby=\"gallery-2-2244\" \/><\/a>\n\t\t\t<\/div>\n\t\t\t\t<figcaption class='wp-caption-text gallery-caption' id='gallery-2-2244'>\n\t\t\t\tJos\u00e9 Luis M\u00e9ndez Fern\u00e1ndez (Santa Cruz de Tenerife)\n\t\t\t\t<\/figcaption><\/figure><figure class='gallery-item'>\n\t\t\t<div class='gallery-icon portrait'>\n\t\t\t\t<a href='https:\/\/www.elplafon.es\/w\/noticias\/resultado-del-xi-concurso-fotografia-plafon\/attachment\/slackline\/'><img loading=\"lazy\" decoding=\"async\" width=\"150\" height=\"150\" src=\"https:\/\/www.elplafon.es\/w\/wp-content\/uploads\/2017\/12\/Slackline-150x150.jpg\" class=\"attachment-thumbnail size-thumbnail\" alt=\"\" aria-describedby=\"gallery-2-2243\" \/><\/a>\n\t\t\t<\/div>\n\t\t\t\t<figcaption class='wp-caption-text gallery-caption' id='gallery-2-2243'>\n\t\t\t\tArnald Cano Vizca\u00edno (El Masnou, Barcelona)\n\t\t\t\t<\/figcaption><\/figure><figure class='gallery-item'>\n\t\t\t<div class='gallery-icon portrait'>\n\t\t\t\t<a href='https:\/\/www.elplafon.es\/w\/noticias\/resultado-del-xi-concurso-fotografia-plafon\/attachment\/cervino\/'><img loading=\"lazy\" decoding=\"async\" width=\"150\" height=\"150\" src=\"https:\/\/www.elplafon.es\/w\/wp-content\/uploads\/2017\/12\/Cervino-150x150.jpg\" class=\"attachment-thumbnail size-thumbnail\" alt=\"\" aria-describedby=\"gallery-2-2241\" \/><\/a>\n\t\t\t<\/div>\n\t\t\t\t<figcaption class='wp-caption-text gallery-caption' id='gallery-2-2241'>\n\t\t\t\tArnald Cano Vizca\u00edno (El Masnou, Barcelona)\n\t\t\t\t<\/figcaption><\/figure><figure class='gallery-item'>\n\t\t\t<div class='gallery-icon landscape'>\n\t\t\t\t<a href='https:\/\/www.elplafon.es\/w\/noticias\/resultado-del-xi-concurso-fotografia-plafon\/attachment\/sobrevolando-monserrat\/'><img loading=\"lazy\" decoding=\"async\" width=\"150\" height=\"150\" src=\"https:\/\/www.elplafon.es\/w\/wp-content\/uploads\/2017\/12\/Sobrevolando-Monserrat-150x150.jpg\" class=\"attachment-thumbnail size-thumbnail\" alt=\"\" aria-describedby=\"gallery-2-2240\" \/><\/a>\n\t\t\t<\/div>\n\t\t\t\t<figcaption class='wp-caption-text gallery-caption' id='gallery-2-2240'>\n\t\t\t\tFrancisco Javier Dom\u00ednguez Garc\u00eda (Jerez de la Frontera, C\u00e1diz)\n\t\t\t\t<\/figcaption><\/figure><figure class='gallery-item'>\n\t\t\t<div class='gallery-icon landscape'>\n\t\t\t\t<a href='https:\/\/www.elplafon.es\/w\/noticias\/resultado-del-xi-concurso-fotografia-plafon\/attachment\/atardecer-en-el-aire\/'><img loading=\"lazy\" decoding=\"async\" width=\"150\" height=\"150\" src=\"https:\/\/www.elplafon.es\/w\/wp-content\/uploads\/2017\/12\/Atardecer-en-el-aire-150x150.jpg\" class=\"attachment-thumbnail size-thumbnail\" alt=\"\" aria-describedby=\"gallery-2-2238\" \/><\/a>\n\t\t\t<\/div>\n\t\t\t\t<figcaption class='wp-caption-text gallery-caption' id='gallery-2-2238'>\n\t\t\t\tFrancisco Javier Dom\u00ednguez Garc\u00eda (Jerez de la Frontera, C\u00e1diz)\n\t\t\t\t<\/figcaption><\/figure><figure class='gallery-item'>\n\t\t\t<div class='gallery-icon landscape'>\n\t\t\t\t<a href='https:\/\/www.elplafon.es\/w\/noticias\/resultado-del-xi-concurso-fotografia-plafon\/attachment\/respirar\/'><img loading=\"lazy\" decoding=\"async\" width=\"150\" height=\"150\" src=\"https:\/\/www.elplafon.es\/w\/wp-content\/uploads\/2017\/12\/Respirar-150x150.jpg\" class=\"attachment-thumbnail size-thumbnail\" alt=\"\" aria-describedby=\"gallery-2-2237\" \/><\/a>\n\t\t\t<\/div>\n\t\t\t\t<figcaption class='wp-caption-text gallery-caption' id='gallery-2-2237'>\n\t\t\t\tJavier Palacino Fontecha, (Los Y\u00e9benes, Toledo)\n\t\t\t\t<\/figcaption><\/figure><figure class='gallery-item'>\n\t\t\t<div class='gallery-icon landscape'>\n\t\t\t\t<a href='https:\/\/www.elplafon.es\/w\/noticias\/resultado-del-xi-concurso-fotografia-plafon\/attachment\/inmensidad\/'><img loading=\"lazy\" decoding=\"async\" width=\"150\" height=\"150\" src=\"https:\/\/www.elplafon.es\/w\/wp-content\/uploads\/2017\/12\/Inmensidad-150x150.jpg\" class=\"attachment-thumbnail size-thumbnail\" alt=\"\" aria-describedby=\"gallery-2-2236\" \/><\/a>\n\t\t\t<\/div>\n\t\t\t\t<figcaption class='wp-caption-text gallery-caption' id='gallery-2-2236'>\n\t\t\t\tJavier Palacino Fontecha, (Los Y\u00e9benes, Toledo)\n\t\t\t\t<\/figcaption><\/figure>\n\t\t<\/div>\n\n","protected":false},"excerpt":{"rendered":"<p>Ganadores: Finalistas: Resto de participantes:<\/p>\n","protected":false},"author":2,"featured_media":2226,"comment_status":"open","ping_status":"closed","sticky":false,"template":"","format":"standard","meta":{"footnotes":""},"categories":[10],"tags":[50,24,51],"class_list":["post-2221","post","type-post","status-publish","format-standard","has-post-thumbnail","hentry","category-noticias","tag-actividades","tag-el-plafon","tag-fotografia","odd"],"_links":{"self":[{"href":"https:\/\/www.elplafon.es\/w\/wp-json\/wp\/v2\/posts\/2221","targetHints":{"allow":["GET"]}}],"collection":[{"href":"https:\/\/www.elplafon.es\/w\/wp-json\/wp\/v2\/posts"}],"about":[{"href":"https:\/\/www.elplafon.es\/w\/wp-json\/wp\/v2\/types\/post"}],"author":[{"embeddable":true,"href":"https:\/\/www.elplafon.es\/w\/wp-json\/wp\/v2\/users\/2"}],"replies":[{"embeddable":true,"href":"https:\/\/www.elplafon.es\/w\/wp-json\/wp\/v2\/comments?post=2221"}],"version-history":[{"count":16,"href":"https:\/\/www.elplafon.es\/w\/wp-json\/wp\/v2\/posts\/2221\/revisions"}],"predecessor-version":[{"id":2300,"href":"https:\/\/www.elplafon.es\/w\/wp-json\/wp\/v2\/posts\/2221\/revisions\/2300"}],"wp:featuredmedia":[{"embeddable":true,"href":"https:\/\/www.elplafon.es\/w\/wp-json\/wp\/v2\/media\/2226"}],"wp:attachment":[{"href":"https:\/\/www.elplafon.es\/w\/wp-json\/wp\/v2\/media?parent=2221"}],"wp:term":[{"taxonomy":"category","embeddable":true,"href":"https:\/\/www.elplafon.es\/w\/wp-json\/wp\/v2\/categories?post=2221"},{"taxonomy":"post_tag","embeddable":true,"href":"https:\/\/www.elplafon.es\/w\/wp-json\/wp\/v2\/tags?post=2221"}],"curies":[{"name":"wp","href":"https:\/\/api.w.org\/{rel}","templated":true}]}}