{"id":2060,"date":"2016-12-15T13:31:30","date_gmt":"2016-12-15T12:31:30","guid":{"rendered":"http:\/\/www.elplafon.es\/w\/?p=2060"},"modified":"2016-12-15T13:34:18","modified_gmt":"2016-12-15T12:34:18","slug":"resultados-del-x-concurso-fotografia-plafon","status":"publish","type":"post","link":"https:\/\/www.elplafon.es\/w\/noticias\/resultados-del-x-concurso-fotografia-plafon\/","title":{"rendered":"Resultados del X Concurso de Fotograf\u00eda El Plaf\u00f3n"},"content":{"rendered":"<p>Una vez realizado el fallo del jurado del X Concurso de Fotograf\u00eda El Plaf\u00f3n estos son los resultados:<\/p>\n<figure id=\"attachment_2091\" aria-describedby=\"caption-attachment-2091\" style=\"width: 1024px\" class=\"wp-caption alignnone\"><img loading=\"lazy\" decoding=\"async\" class=\"size-full wp-image-2091\" src=\"http:\/\/www.elplafon.es\/w\/wp-content\/uploads\/2016\/12\/1.-Sonris-a-toro.jpg\" alt=\"\" width=\"1024\" height=\"682\" srcset=\"https:\/\/www.elplafon.es\/w\/wp-content\/uploads\/2016\/12\/1.-Sonris-a-toro.jpg 1024w, https:\/\/www.elplafon.es\/w\/wp-content\/uploads\/2016\/12\/1.-Sonris-a-toro-300x200.jpg 300w, https:\/\/www.elplafon.es\/w\/wp-content\/uploads\/2016\/12\/1.-Sonris-a-toro-768x512.jpg 768w, https:\/\/www.elplafon.es\/w\/wp-content\/uploads\/2016\/12\/1.-Sonris-a-toro-800x533.jpg 800w, https:\/\/www.elplafon.es\/w\/wp-content\/uploads\/2016\/12\/1.-Sonris-a-toro-480x320.jpg 480w\" sizes=\"auto, (max-width: 1024px) 100vw, 1024px\" \/><figcaption id=\"caption-attachment-2091\" class=\"wp-caption-text\">Sonris a toro<br \/>Primer premio<br \/>Jos\u00e9 Javier Rubio Chac\u00f3n<\/figcaption><\/figure>\n<p><!--more--><\/p>\n<figure id=\"attachment_2092\" aria-describedby=\"caption-attachment-2092\" style=\"width: 1024px\" class=\"wp-caption alignnone\"><img loading=\"lazy\" decoding=\"async\" class=\"size-full wp-image-2092\" src=\"http:\/\/www.elplafon.es\/w\/wp-content\/uploads\/2016\/12\/2.-Trono-de-Hielo.jpg\" alt=\"\" width=\"1024\" height=\"683\" srcset=\"https:\/\/www.elplafon.es\/w\/wp-content\/uploads\/2016\/12\/2.-Trono-de-Hielo.jpg 1024w, https:\/\/www.elplafon.es\/w\/wp-content\/uploads\/2016\/12\/2.-Trono-de-Hielo-300x200.jpg 300w, https:\/\/www.elplafon.es\/w\/wp-content\/uploads\/2016\/12\/2.-Trono-de-Hielo-768x512.jpg 768w, https:\/\/www.elplafon.es\/w\/wp-content\/uploads\/2016\/12\/2.-Trono-de-Hielo-800x534.jpg 800w, https:\/\/www.elplafon.es\/w\/wp-content\/uploads\/2016\/12\/2.-Trono-de-Hielo-480x320.jpg 480w\" sizes=\"auto, (max-width: 1024px) 100vw, 1024px\" \/><figcaption id=\"caption-attachment-2092\" class=\"wp-caption-text\">Trono de Hielo<br \/>Segundo premio<br \/>Iv\u00e1n Palero Llanos<\/figcaption><\/figure>\n<figure id=\"attachment_2093\" aria-describedby=\"caption-attachment-2093\" style=\"width: 1024px\" class=\"wp-caption alignnone\"><img loading=\"lazy\" decoding=\"async\" class=\"size-full wp-image-2093\" src=\"http:\/\/www.elplafon.es\/w\/wp-content\/uploads\/2016\/12\/3.-Sinfonia-de-movimientos-Mianrote.jpg\" alt=\"\" width=\"1024\" height=\"768\" srcset=\"https:\/\/www.elplafon.es\/w\/wp-content\/uploads\/2016\/12\/3.-Sinfonia-de-movimientos-Mianrote.jpg 1024w, https:\/\/www.elplafon.es\/w\/wp-content\/uploads\/2016\/12\/3.-Sinfonia-de-movimientos-Mianrote-300x225.jpg 300w, https:\/\/www.elplafon.es\/w\/wp-content\/uploads\/2016\/12\/3.-Sinfonia-de-movimientos-Mianrote-768x576.jpg 768w, https:\/\/www.elplafon.es\/w\/wp-content\/uploads\/2016\/12\/3.-Sinfonia-de-movimientos-Mianrote-800x600.jpg 800w, https:\/\/www.elplafon.es\/w\/wp-content\/uploads\/2016\/12\/3.-Sinfonia-de-movimientos-Mianrote-640x480.jpg 640w\" sizes=\"auto, (max-width: 1024px) 100vw, 1024px\" \/><figcaption id=\"caption-attachment-2093\" class=\"wp-caption-text\">Sinfon\u00eda de movimientos<br \/>Tercer premio<br \/>Miguel Angel Romero Tercero<\/figcaption><\/figure>\n<p>Y aqu\u00ed pod\u00e9is ver todas las fotograf\u00edas presentadas al concurso:<\/p>\n<div id='gallery-1' class='gallery galleryid-2060 gallery-columns-3 gallery-size-thumbnail'><figure class='gallery-item'>\n\t\t\t<div class='gallery-icon landscape'>\n\t\t\t\t<a href='https:\/\/www.elplafon.es\/w\/noticias\/resultados-del-x-concurso-fotografia-plafon\/attachment\/img_0930\/'><img loading=\"lazy\" decoding=\"async\" width=\"150\" height=\"150\" src=\"https:\/\/www.elplafon.es\/w\/wp-content\/uploads\/2016\/12\/IMG_0930-150x150.jpg\" class=\"attachment-thumbnail size-thumbnail\" alt=\"\" aria-describedby=\"gallery-1-2061\" \/><\/a>\n\t\t\t<\/div>\n\t\t\t\t<figcaption class='wp-caption-text gallery-caption' id='gallery-1-2061'>\n\t\t\t\tMar\u00eda Tirado\n\t\t\t\t<\/figcaption><\/figure><figure class='gallery-item'>\n\t\t\t<div class='gallery-icon portrait'>\n\t\t\t\t<a href='https:\/\/www.elplafon.es\/w\/noticias\/resultados-del-x-concurso-fotografia-plafon\/attachment\/img_0978\/'><img loading=\"lazy\" decoding=\"async\" width=\"150\" height=\"150\" src=\"https:\/\/www.elplafon.es\/w\/wp-content\/uploads\/2016\/12\/IMG_0978-150x150.jpg\" class=\"attachment-thumbnail size-thumbnail\" alt=\"\" aria-describedby=\"gallery-1-2062\" \/><\/a>\n\t\t\t<\/div>\n\t\t\t\t<figcaption class='wp-caption-text gallery-caption' id='gallery-1-2062'>\n\t\t\t\tFederico Lara\n\t\t\t\t<\/figcaption><\/figure><figure class='gallery-item'>\n\t\t\t<div class='gallery-icon landscape'>\n\t\t\t\t<a href='https:\/\/www.elplafon.es\/w\/noticias\/resultados-del-x-concurso-fotografia-plafon\/attachment\/img_1097\/'><img loading=\"lazy\" decoding=\"async\" width=\"150\" height=\"150\" src=\"https:\/\/www.elplafon.es\/w\/wp-content\/uploads\/2016\/12\/IMG_1097-150x150.jpg\" class=\"attachment-thumbnail size-thumbnail\" alt=\"\" aria-describedby=\"gallery-1-2063\" \/><\/a>\n\t\t\t<\/div>\n\t\t\t\t<figcaption class='wp-caption-text gallery-caption' id='gallery-1-2063'>\n\t\t\t\tMar\u00eda Tirado\n\t\t\t\t<\/figcaption><\/figure><figure class='gallery-item'>\n\t\t\t<div class='gallery-icon landscape'>\n\t\t\t\t<a href='https:\/\/www.elplafon.es\/w\/noticias\/resultados-del-x-concurso-fotografia-plafon\/attachment\/img_1458\/'><img loading=\"lazy\" decoding=\"async\" width=\"150\" height=\"150\" src=\"https:\/\/www.elplafon.es\/w\/wp-content\/uploads\/2016\/12\/IMG_1458-150x150.jpg\" class=\"attachment-thumbnail size-thumbnail\" alt=\"\" aria-describedby=\"gallery-1-2064\" \/><\/a>\n\t\t\t<\/div>\n\t\t\t\t<figcaption class='wp-caption-text gallery-caption' id='gallery-1-2064'>\n\t\t\t\tFederico Lara\n\t\t\t\t<\/figcaption><\/figure><figure class='gallery-item'>\n\t\t\t<div class='gallery-icon landscape'>\n\t\t\t\t<a href='https:\/\/www.elplafon.es\/w\/noticias\/resultados-del-x-concurso-fotografia-plafon\/attachment\/img_3601\/'><img loading=\"lazy\" decoding=\"async\" width=\"150\" height=\"150\" src=\"https:\/\/www.elplafon.es\/w\/wp-content\/uploads\/2016\/12\/IMG_3601-150x150.jpg\" class=\"attachment-thumbnail size-thumbnail\" alt=\"\" aria-describedby=\"gallery-1-2065\" \/><\/a>\n\t\t\t<\/div>\n\t\t\t\t<figcaption class='wp-caption-text gallery-caption' id='gallery-1-2065'>\n\t\t\t\tJaime Peralta\n\t\t\t\t<\/figcaption><\/figure><figure class='gallery-item'>\n\t\t\t<div class='gallery-icon portrait'>\n\t\t\t\t<a href='https:\/\/www.elplafon.es\/w\/noticias\/resultados-del-x-concurso-fotografia-plafon\/attachment\/img_4314\/'><img loading=\"lazy\" decoding=\"async\" width=\"150\" height=\"150\" src=\"https:\/\/www.elplafon.es\/w\/wp-content\/uploads\/2016\/12\/IMG_4314-150x150.jpg\" class=\"attachment-thumbnail size-thumbnail\" alt=\"\" aria-describedby=\"gallery-1-2066\" \/><\/a>\n\t\t\t<\/div>\n\t\t\t\t<figcaption class='wp-caption-text gallery-caption' id='gallery-1-2066'>\n\t\t\t\tJaime Peralta\n\t\t\t\t<\/figcaption><\/figure><figure class='gallery-item'>\n\t\t\t<div class='gallery-icon portrait'>\n\t\t\t\t<a href='https:\/\/www.elplafon.es\/w\/noticias\/resultados-del-x-concurso-fotografia-plafon\/attachment\/img_4471\/'><img loading=\"lazy\" decoding=\"async\" width=\"150\" height=\"150\" src=\"https:\/\/www.elplafon.es\/w\/wp-content\/uploads\/2016\/12\/IMG_4471-150x150.jpg\" class=\"attachment-thumbnail size-thumbnail\" alt=\"\" aria-describedby=\"gallery-1-2067\" \/><\/a>\n\t\t\t<\/div>\n\t\t\t\t<figcaption class='wp-caption-text gallery-caption' id='gallery-1-2067'>\n\t\t\t\tJaime Peralta\n\t\t\t\t<\/figcaption><\/figure><figure class='gallery-item'>\n\t\t\t<div class='gallery-icon portrait'>\n\t\t\t\t<a href='https:\/\/www.elplafon.es\/w\/noticias\/resultados-del-x-concurso-fotografia-plafon\/attachment\/img_20150814_150133\/'><img loading=\"lazy\" decoding=\"async\" width=\"150\" height=\"150\" src=\"https:\/\/www.elplafon.es\/w\/wp-content\/uploads\/2016\/12\/IMG_20150814_150133-150x150.jpg\" class=\"attachment-thumbnail size-thumbnail\" alt=\"\" aria-describedby=\"gallery-1-2068\" \/><\/a>\n\t\t\t<\/div>\n\t\t\t\t<figcaption class='wp-caption-text gallery-caption' id='gallery-1-2068'>\n\t\t\t\tJuan Carlos Castellanos\n\t\t\t\t<\/figcaption><\/figure><figure class='gallery-item'>\n\t\t\t<div class='gallery-icon portrait'>\n\t\t\t\t<a href='https:\/\/www.elplafon.es\/w\/noticias\/resultados-del-x-concurso-fotografia-plafon\/attachment\/img_20161113_133339\/'><img loading=\"lazy\" decoding=\"async\" width=\"150\" height=\"150\" src=\"https:\/\/www.elplafon.es\/w\/wp-content\/uploads\/2016\/12\/IMG_20161113_133339-150x150.jpg\" class=\"attachment-thumbnail size-thumbnail\" alt=\"\" aria-describedby=\"gallery-1-2069\" \/><\/a>\n\t\t\t<\/div>\n\t\t\t\t<figcaption class='wp-caption-text gallery-caption' id='gallery-1-2069'>\n\t\t\t\tJuan Carlos Castellanos\n\t\t\t\t<\/figcaption><\/figure><figure class='gallery-item'>\n\t\t\t<div class='gallery-icon portrait'>\n\t\t\t\t<a href='https:\/\/www.elplafon.es\/w\/noticias\/resultados-del-x-concurso-fotografia-plafon\/attachment\/aerodynamite-7b-bas-cuvier-fontainebleau\/'><img loading=\"lazy\" decoding=\"async\" width=\"150\" height=\"150\" src=\"https:\/\/www.elplafon.es\/w\/wp-content\/uploads\/2016\/12\/LAerodynamite-7B-Bas-Cuvier-Fontainebleau-150x150.jpg\" class=\"attachment-thumbnail size-thumbnail\" alt=\"\" aria-describedby=\"gallery-1-2070\" \/><\/a>\n\t\t\t<\/div>\n\t\t\t\t<figcaption class='wp-caption-text gallery-caption' id='gallery-1-2070'>\n\t\t\t\tJos\u00e9 Javier Rubio\n\t\t\t\t<\/figcaption><\/figure><figure class='gallery-item'>\n\t\t\t<div class='gallery-icon landscape'>\n\t\t\t\t<a href='https:\/\/www.elplafon.es\/w\/noticias\/resultados-del-x-concurso-fotografia-plafon\/attachment\/lagrimas-del-sol\/'><img loading=\"lazy\" decoding=\"async\" width=\"150\" height=\"150\" src=\"https:\/\/www.elplafon.es\/w\/wp-content\/uploads\/2016\/12\/Lagrimas-del-Sol-150x150.jpg\" class=\"attachment-thumbnail size-thumbnail\" alt=\"\" aria-describedby=\"gallery-1-2071\" \/><\/a>\n\t\t\t<\/div>\n\t\t\t\t<figcaption class='wp-caption-text gallery-caption' id='gallery-1-2071'>\n\t\t\t\tJes\u00fas Velasco\n\t\t\t\t<\/figcaption><\/figure><figure class='gallery-item'>\n\t\t\t<div class='gallery-icon portrait'>\n\t\t\t\t<a href='https:\/\/www.elplafon.es\/w\/noticias\/resultados-del-x-concurso-fotografia-plafon\/attachment\/machapuchare-montana-sagrada\/'><img loading=\"lazy\" decoding=\"async\" width=\"150\" height=\"150\" src=\"https:\/\/www.elplafon.es\/w\/wp-content\/uploads\/2016\/12\/Machapuchare-Montana-Sagrada-150x150.jpg\" class=\"attachment-thumbnail size-thumbnail\" alt=\"\" aria-describedby=\"gallery-1-2072\" \/><\/a>\n\t\t\t<\/div>\n\t\t\t\t<figcaption class='wp-caption-text gallery-caption' id='gallery-1-2072'>\n\t\t\t\tAdolfo Gonz\u00e1lez\n\t\t\t\t<\/figcaption><\/figure><figure class='gallery-item'>\n\t\t\t<div class='gallery-icon landscape'>\n\t\t\t\t<a href='https:\/\/www.elplafon.es\/w\/noticias\/resultados-del-x-concurso-fotografia-plafon\/attachment\/maravilloso-despertar\/'><img loading=\"lazy\" decoding=\"async\" width=\"150\" height=\"150\" src=\"https:\/\/www.elplafon.es\/w\/wp-content\/uploads\/2016\/12\/Maravilloso-despertar-150x150.jpg\" class=\"attachment-thumbnail size-thumbnail\" alt=\"\" aria-describedby=\"gallery-1-2073\" \/><\/a>\n\t\t\t<\/div>\n\t\t\t\t<figcaption class='wp-caption-text gallery-caption' id='gallery-1-2073'>\n\t\t\t\tMar\u00eda Pilar Agudo\n\t\t\t\t<\/figcaption><\/figure><figure class='gallery-item'>\n\t\t\t<div class='gallery-icon landscape'>\n\t\t\t\t<a href='https:\/\/www.elplafon.es\/w\/noticias\/resultados-del-x-concurso-fotografia-plafon\/attachment\/movimiento\/'><img loading=\"lazy\" decoding=\"async\" width=\"150\" height=\"150\" src=\"https:\/\/www.elplafon.es\/w\/wp-content\/uploads\/2016\/12\/movimiento-150x150.jpg\" class=\"attachment-thumbnail size-thumbnail\" alt=\"\" aria-describedby=\"gallery-1-2074\" \/><\/a>\n\t\t\t<\/div>\n\t\t\t\t<figcaption class='wp-caption-text gallery-caption' id='gallery-1-2074'>\n\t\t\t\tAinhoa Romero Bri\u00f1as\n\t\t\t\t<\/figcaption><\/figure><figure class='gallery-item'>\n\t\t\t<div class='gallery-icon portrait'>\n\t\t\t\t<a href='https:\/\/www.elplafon.es\/w\/noticias\/resultados-del-x-concurso-fotografia-plafon\/attachment\/murciana-naranjo-de-bulnes-mianrote\/'><img loading=\"lazy\" decoding=\"async\" width=\"150\" height=\"150\" src=\"https:\/\/www.elplafon.es\/w\/wp-content\/uploads\/2016\/12\/Murciana-Naranjo-de-Bulnes-mianrote-150x150.jpg\" class=\"attachment-thumbnail size-thumbnail\" alt=\"\" aria-describedby=\"gallery-1-2075\" \/><\/a>\n\t\t\t<\/div>\n\t\t\t\t<figcaption class='wp-caption-text gallery-caption' id='gallery-1-2075'>\n\t\t\t\tMiguel Angel Romero Tercero\n\t\t\t\t<\/figcaption><\/figure><figure class='gallery-item'>\n\t\t\t<div class='gallery-icon landscape'>\n\t\t\t\t<a href='https:\/\/www.elplafon.es\/w\/noticias\/resultados-del-x-concurso-fotografia-plafon\/attachment\/p1010785\/'><img loading=\"lazy\" decoding=\"async\" width=\"150\" height=\"150\" src=\"https:\/\/www.elplafon.es\/w\/wp-content\/uploads\/2016\/12\/P1010785-150x150.jpg\" class=\"attachment-thumbnail size-thumbnail\" alt=\"\" aria-describedby=\"gallery-1-2076\" \/><\/a>\n\t\t\t<\/div>\n\t\t\t\t<figcaption class='wp-caption-text gallery-caption' id='gallery-1-2076'>\n\t\t\t\tMiguel Angel Rojas Velazquez\n\t\t\t\t<\/figcaption><\/figure><figure class='gallery-item'>\n\t\t\t<div class='gallery-icon landscape'>\n\t\t\t\t<a href='https:\/\/www.elplafon.es\/w\/noticias\/resultados-del-x-concurso-fotografia-plafon\/attachment\/p1020836\/'><img loading=\"lazy\" decoding=\"async\" width=\"150\" height=\"150\" src=\"https:\/\/www.elplafon.es\/w\/wp-content\/uploads\/2016\/12\/P1020836-150x150.jpg\" class=\"attachment-thumbnail size-thumbnail\" alt=\"\" aria-describedby=\"gallery-1-2077\" \/><\/a>\n\t\t\t<\/div>\n\t\t\t\t<figcaption class='wp-caption-text gallery-caption' id='gallery-1-2077'>\n\t\t\t\tMiguel Angel Rojas Velazquez\n\t\t\t\t<\/figcaption><\/figure><figure class='gallery-item'>\n\t\t\t<div class='gallery-icon landscape'>\n\t\t\t\t<a href='https:\/\/www.elplafon.es\/w\/noticias\/resultados-del-x-concurso-fotografia-plafon\/attachment\/p1050895\/'><img loading=\"lazy\" decoding=\"async\" width=\"150\" height=\"150\" src=\"https:\/\/www.elplafon.es\/w\/wp-content\/uploads\/2016\/12\/P1050895-150x150.jpg\" class=\"attachment-thumbnail size-thumbnail\" alt=\"\" aria-describedby=\"gallery-1-2078\" \/><\/a>\n\t\t\t<\/div>\n\t\t\t\t<figcaption class='wp-caption-text gallery-caption' id='gallery-1-2078'>\n\t\t\t\tMiguel Angel Rojas Velazquez\n\t\t\t\t<\/figcaption><\/figure><figure class='gallery-item'>\n\t\t\t<div class='gallery-icon landscape'>\n\t\t\t\t<a href='https:\/\/www.elplafon.es\/w\/noticias\/resultados-del-x-concurso-fotografia-plafon\/attachment\/p1270129\/'><img loading=\"lazy\" decoding=\"async\" width=\"150\" height=\"150\" src=\"https:\/\/www.elplafon.es\/w\/wp-content\/uploads\/2016\/12\/P1270129-150x150.jpg\" class=\"attachment-thumbnail size-thumbnail\" alt=\"\" aria-describedby=\"gallery-1-2079\" \/><\/a>\n\t\t\t<\/div>\n\t\t\t\t<figcaption class='wp-caption-text gallery-caption' id='gallery-1-2079'>\n\t\t\t\tCristina Sevilla\n\t\t\t\t<\/figcaption><\/figure><figure class='gallery-item'>\n\t\t\t<div class='gallery-icon landscape'>\n\t\t\t\t<a href='https:\/\/www.elplafon.es\/w\/noticias\/resultados-del-x-concurso-fotografia-plafon\/attachment\/pendiente-de-un-hilo-2\/'><img loading=\"lazy\" decoding=\"async\" width=\"150\" height=\"150\" src=\"https:\/\/www.elplafon.es\/w\/wp-content\/uploads\/2016\/12\/Pendiente-de-un-hilo-2-150x150.jpg\" class=\"attachment-thumbnail size-thumbnail\" alt=\"\" aria-describedby=\"gallery-1-2080\" \/><\/a>\n\t\t\t<\/div>\n\t\t\t\t<figcaption class='wp-caption-text gallery-caption' id='gallery-1-2080'>\n\t\t\t\tMar\u00eda Pilar Agudo\n\t\t\t\t<\/figcaption><\/figure><figure class='gallery-item'>\n\t\t\t<div class='gallery-icon landscape'>\n\t\t\t\t<a href='https:\/\/www.elplafon.es\/w\/noticias\/resultados-del-x-concurso-fotografia-plafon\/attachment\/pies-de-gatos\/'><img loading=\"lazy\" decoding=\"async\" width=\"150\" height=\"150\" src=\"https:\/\/www.elplafon.es\/w\/wp-content\/uploads\/2016\/12\/Pies-de-gatos-150x150.jpg\" class=\"attachment-thumbnail size-thumbnail\" alt=\"\" aria-describedby=\"gallery-1-2081\" \/><\/a>\n\t\t\t<\/div>\n\t\t\t\t<figcaption class='wp-caption-text gallery-caption' id='gallery-1-2081'>\n\t\t\t\tFrancisco Heredia\n\t\t\t\t<\/figcaption><\/figure><figure class='gallery-item'>\n\t\t\t<div class='gallery-icon landscape'>\n\t\t\t\t<a href='https:\/\/www.elplafon.es\/w\/noticias\/resultados-del-x-concurso-fotografia-plafon\/attachment\/plafon\/'><img loading=\"lazy\" decoding=\"async\" width=\"150\" height=\"150\" src=\"https:\/\/www.elplafon.es\/w\/wp-content\/uploads\/2016\/12\/plafon-150x150.jpg\" class=\"attachment-thumbnail size-thumbnail\" alt=\"\" aria-describedby=\"gallery-1-2082\" \/><\/a>\n\t\t\t<\/div>\n\t\t\t\t<figcaption class='wp-caption-text gallery-caption' id='gallery-1-2082'>\n\t\t\t\tAinhoa Romero Bri\u00f1as\n\t\t\t\t<\/figcaption><\/figure><figure class='gallery-item'>\n\t\t\t<div class='gallery-icon landscape'>\n\t\t\t\t<a href='https:\/\/www.elplafon.es\/w\/noticias\/resultados-del-x-concurso-fotografia-plafon\/attachment\/podencos\/'><img loading=\"lazy\" decoding=\"async\" width=\"150\" height=\"150\" src=\"https:\/\/www.elplafon.es\/w\/wp-content\/uploads\/2016\/12\/podencos-150x150.jpg\" class=\"attachment-thumbnail size-thumbnail\" alt=\"\" aria-describedby=\"gallery-1-2083\" \/><\/a>\n\t\t\t<\/div>\n\t\t\t\t<figcaption class='wp-caption-text gallery-caption' id='gallery-1-2083'>\n\t\t\t\tHugo Santamar\u00eda\n\t\t\t\t<\/figcaption><\/figure><figure class='gallery-item'>\n\t\t\t<div class='gallery-icon landscape'>\n\t\t\t\t<a href='https:\/\/www.elplafon.es\/w\/noticias\/resultados-del-x-concurso-fotografia-plafon\/attachment\/poli-7c-mula\/'><img loading=\"lazy\" decoding=\"async\" width=\"150\" height=\"150\" src=\"https:\/\/www.elplafon.es\/w\/wp-content\/uploads\/2016\/12\/poli-7c-mula-150x150.jpg\" class=\"attachment-thumbnail size-thumbnail\" alt=\"\" aria-describedby=\"gallery-1-2084\" \/><\/a>\n\t\t\t<\/div>\n\t\t\t\t<figcaption class='wp-caption-text gallery-caption' id='gallery-1-2084'>\n\t\t\t\tJos\u00e9 Javier Rubio\n\t\t\t\t<\/figcaption><\/figure><figure class='gallery-item'>\n\t\t\t<div class='gallery-icon landscape'>\n\t\t\t\t<a href='https:\/\/www.elplafon.es\/w\/noticias\/resultados-del-x-concurso-fotografia-plafon\/attachment\/remando-en-el-maligne-lake-rocosas-canadienses\/'><img loading=\"lazy\" decoding=\"async\" width=\"150\" height=\"150\" src=\"https:\/\/www.elplafon.es\/w\/wp-content\/uploads\/2016\/12\/Remando-en-el-Maligne-Lake-Rocosas-canadienses-150x150.jpg\" class=\"attachment-thumbnail size-thumbnail\" alt=\"\" aria-describedby=\"gallery-1-2085\" \/><\/a>\n\t\t\t<\/div>\n\t\t\t\t<figcaption class='wp-caption-text gallery-caption' id='gallery-1-2085'>\n\t\t\t\tJavier V\u00e1zquez del Real\n\t\t\t\t<\/figcaption><\/figure><figure class='gallery-item'>\n\t\t\t<div class='gallery-icon landscape'>\n\t\t\t\t<a href='https:\/\/www.elplafon.es\/w\/noticias\/resultados-del-x-concurso-fotografia-plafon\/attachment\/remanso-de-paz\/'><img loading=\"lazy\" decoding=\"async\" width=\"150\" height=\"150\" src=\"https:\/\/www.elplafon.es\/w\/wp-content\/uploads\/2016\/12\/Remanso-de-paz-150x150.jpg\" class=\"attachment-thumbnail size-thumbnail\" alt=\"\" aria-describedby=\"gallery-1-2086\" \/><\/a>\n\t\t\t<\/div>\n\t\t\t\t<figcaption class='wp-caption-text gallery-caption' id='gallery-1-2086'>\n\t\t\t\tJes\u00fas Velasco\n\t\t\t\t<\/figcaption><\/figure><figure class='gallery-item'>\n\t\t\t<div class='gallery-icon portrait'>\n\t\t\t\t<a href='https:\/\/www.elplafon.es\/w\/noticias\/resultados-del-x-concurso-fotografia-plafon\/attachment\/rogelio\/'><img loading=\"lazy\" decoding=\"async\" width=\"150\" height=\"150\" src=\"https:\/\/www.elplafon.es\/w\/wp-content\/uploads\/2016\/12\/Rogelio-150x150.jpg\" class=\"attachment-thumbnail size-thumbnail\" alt=\"\" aria-describedby=\"gallery-1-2087\" \/><\/a>\n\t\t\t<\/div>\n\t\t\t\t<figcaption class='wp-caption-text gallery-caption' id='gallery-1-2087'>\n\t\t\t\tHugo Santamar\u00eda\n\t\t\t\t<\/figcaption><\/figure><figure class='gallery-item'>\n\t\t\t<div class='gallery-icon landscape'>\n\t\t\t\t<a href='https:\/\/www.elplafon.es\/w\/noticias\/resultados-del-x-concurso-fotografia-plafon\/attachment\/subiendo-al-mount-temple-rocosas-canadienses\/'><img loading=\"lazy\" decoding=\"async\" width=\"150\" height=\"150\" src=\"https:\/\/www.elplafon.es\/w\/wp-content\/uploads\/2016\/12\/Subiendo-al-Mount-Temple-Rocosas-Canadienses-150x150.jpg\" class=\"attachment-thumbnail size-thumbnail\" alt=\"\" aria-describedby=\"gallery-1-2088\" \/><\/a>\n\t\t\t<\/div>\n\t\t\t\t<figcaption class='wp-caption-text gallery-caption' id='gallery-1-2088'>\n\t\t\t\tJavier V\u00e1zquez del Real\n\t\t\t\t<\/figcaption><\/figure><figure class='gallery-item'>\n\t\t\t<div class='gallery-icon landscape'>\n\t\t\t\t<a href='https:\/\/www.elplafon.es\/w\/noticias\/resultados-del-x-concurso-fotografia-plafon\/attachment\/trailrunnig-por-dolomitas-descerebrada\/'><img loading=\"lazy\" decoding=\"async\" width=\"150\" height=\"150\" src=\"https:\/\/www.elplafon.es\/w\/wp-content\/uploads\/2016\/12\/trailrunnig-por-dolomitas-descerebrada-150x150.jpg\" class=\"attachment-thumbnail size-thumbnail\" alt=\"\" aria-describedby=\"gallery-1-2089\" \/><\/a>\n\t\t\t<\/div>\n\t\t\t\t<figcaption class='wp-caption-text gallery-caption' id='gallery-1-2089'>\n\t\t\t\tCarmen Bri\u00f1as\n\t\t\t\t<\/figcaption><\/figure><figure class='gallery-item'>\n\t\t\t<div class='gallery-icon landscape'>\n\t\t\t\t<a href='https:\/\/www.elplafon.es\/w\/noticias\/resultados-del-x-concurso-fotografia-plafon\/attachment\/_mg_6572\/'><img loading=\"lazy\" decoding=\"async\" width=\"150\" height=\"150\" src=\"https:\/\/www.elplafon.es\/w\/wp-content\/uploads\/2016\/12\/MG_6572-150x150.jpg\" class=\"attachment-thumbnail size-thumbnail\" alt=\"\" aria-describedby=\"gallery-1-2090\" \/><\/a>\n\t\t\t<\/div>\n\t\t\t\t<figcaption class='wp-caption-text gallery-caption' id='gallery-1-2090'>\n\t\t\t\tFederico Lara\n\t\t\t\t<\/figcaption><\/figure><figure class='gallery-item'>\n\t\t\t<div class='gallery-icon landscape'>\n\t\t\t\t<a href='https:\/\/www.elplafon.es\/w\/noticias\/resultados-del-x-concurso-fotografia-plafon\/attachment\/1-sonris-a-toro\/'><img loading=\"lazy\" decoding=\"async\" width=\"150\" height=\"150\" src=\"https:\/\/www.elplafon.es\/w\/wp-content\/uploads\/2016\/12\/1.-Sonris-a-toro-150x150.jpg\" class=\"attachment-thumbnail size-thumbnail\" alt=\"\" aria-describedby=\"gallery-1-2091\" \/><\/a>\n\t\t\t<\/div>\n\t\t\t\t<figcaption class='wp-caption-text gallery-caption' id='gallery-1-2091'>\n\t\t\t\tSonris a toro\nPrimer premio\nJos\u00e9 Javier Rubio Chac\u00f3n\n\t\t\t\t<\/figcaption><\/figure><figure class='gallery-item'>\n\t\t\t<div class='gallery-icon landscape'>\n\t\t\t\t<a href='https:\/\/www.elplafon.es\/w\/noticias\/resultados-del-x-concurso-fotografia-plafon\/attachment\/2-trono-de-hielo\/'><img loading=\"lazy\" decoding=\"async\" width=\"150\" height=\"150\" src=\"https:\/\/www.elplafon.es\/w\/wp-content\/uploads\/2016\/12\/2.-Trono-de-Hielo-150x150.jpg\" class=\"attachment-thumbnail size-thumbnail\" alt=\"\" aria-describedby=\"gallery-1-2092\" \/><\/a>\n\t\t\t<\/div>\n\t\t\t\t<figcaption class='wp-caption-text gallery-caption' id='gallery-1-2092'>\n\t\t\t\tTrono de Hielo\nSegundo premio\nIv\u00e1n Palero Llanos\n\t\t\t\t<\/figcaption><\/figure><figure class='gallery-item'>\n\t\t\t<div class='gallery-icon landscape'>\n\t\t\t\t<a href='https:\/\/www.elplafon.es\/w\/noticias\/resultados-del-x-concurso-fotografia-plafon\/attachment\/dcim101goprog1386579\/'><img loading=\"lazy\" decoding=\"async\" width=\"150\" height=\"150\" src=\"https:\/\/www.elplafon.es\/w\/wp-content\/uploads\/2016\/12\/3.-Sinfonia-de-movimientos-Mianrote-150x150.jpg\" class=\"attachment-thumbnail size-thumbnail\" alt=\"\" aria-describedby=\"gallery-1-2093\" \/><\/a>\n\t\t\t<\/div>\n\t\t\t\t<figcaption class='wp-caption-text gallery-caption' id='gallery-1-2093'>\n\t\t\t\tSinfon\u00eda de movimientos\nTercer premio\nMiguel Angel Romero Tercero\n\n\t\t\t\t<\/figcaption><\/figure><figure class='gallery-item'>\n\t\t\t<div class='gallery-icon landscape'>\n\t\t\t\t<a href='https:\/\/www.elplafon.es\/w\/noticias\/resultados-del-x-concurso-fotografia-plafon\/attachment\/olympus-digital-camera-3\/'><img loading=\"lazy\" decoding=\"async\" width=\"150\" height=\"150\" src=\"https:\/\/www.elplafon.es\/w\/wp-content\/uploads\/2016\/12\/8mil-150x150.jpg\" class=\"attachment-thumbnail size-thumbnail\" alt=\"\" aria-describedby=\"gallery-1-2094\" \/><\/a>\n\t\t\t<\/div>\n\t\t\t\t<figcaption class='wp-caption-text gallery-caption' id='gallery-1-2094'>\n\t\t\t\tFrancisco Heredia\n\t\t\t\t<\/figcaption><\/figure><figure class='gallery-item'>\n\t\t\t<div class='gallery-icon landscape'>\n\t\t\t\t<a href='https:\/\/www.elplafon.es\/w\/noticias\/resultados-del-x-concurso-fotografia-plafon\/attachment\/agujas-e-hilo-descerebrada\/'><img loading=\"lazy\" decoding=\"async\" width=\"150\" height=\"150\" src=\"https:\/\/www.elplafon.es\/w\/wp-content\/uploads\/2016\/12\/agujas-e-hilo-descerebrada-150x150.jpg\" class=\"attachment-thumbnail size-thumbnail\" alt=\"\" aria-describedby=\"gallery-1-2095\" \/><\/a>\n\t\t\t<\/div>\n\t\t\t\t<figcaption class='wp-caption-text gallery-caption' id='gallery-1-2095'>\n\t\t\t\tCarmen Bri\u00f1as\n\t\t\t\t<\/figcaption><\/figure><figure class='gallery-item'>\n\t\t\t<div class='gallery-icon landscape'>\n\t\t\t\t<a href='https:\/\/www.elplafon.es\/w\/noticias\/resultados-del-x-concurso-fotografia-plafon\/attachment\/akela1\/'><img loading=\"lazy\" decoding=\"async\" width=\"150\" height=\"150\" src=\"https:\/\/www.elplafon.es\/w\/wp-content\/uploads\/2016\/12\/Akela1-150x150.jpg\" class=\"attachment-thumbnail size-thumbnail\" alt=\"\" aria-describedby=\"gallery-1-2096\" \/><\/a>\n\t\t\t<\/div>\n\t\t\t\t<figcaption class='wp-caption-text gallery-caption' id='gallery-1-2096'>\n\t\t\t\tAngel Quero\n\t\t\t\t<\/figcaption><\/figure><figure class='gallery-item'>\n\t\t\t<div class='gallery-icon landscape'>\n\t\t\t\t<a href='https:\/\/www.elplafon.es\/w\/noticias\/resultados-del-x-concurso-fotografia-plafon\/attachment\/akela2\/'><img loading=\"lazy\" decoding=\"async\" width=\"150\" height=\"150\" src=\"https:\/\/www.elplafon.es\/w\/wp-content\/uploads\/2016\/12\/Akela2-150x150.jpg\" class=\"attachment-thumbnail size-thumbnail\" alt=\"\" aria-describedby=\"gallery-1-2097\" \/><\/a>\n\t\t\t<\/div>\n\t\t\t\t<figcaption class='wp-caption-text gallery-caption' id='gallery-1-2097'>\n\t\t\t\tAngel Quero\n\t\t\t\t<\/figcaption><\/figure><figure class='gallery-item'>\n\t\t\t<div class='gallery-icon landscape'>\n\t\t\t\t<a href='https:\/\/www.elplafon.es\/w\/noticias\/resultados-del-x-concurso-fotografia-plafon\/attachment\/akela3\/'><img loading=\"lazy\" decoding=\"async\" width=\"150\" height=\"150\" src=\"https:\/\/www.elplafon.es\/w\/wp-content\/uploads\/2016\/12\/Akela3-150x150.jpg\" class=\"attachment-thumbnail size-thumbnail\" alt=\"\" aria-describedby=\"gallery-1-2098\" \/><\/a>\n\t\t\t<\/div>\n\t\t\t\t<figcaption class='wp-caption-text gallery-caption' id='gallery-1-2098'>\n\t\t\t\tAngel Quero\n\t\t\t\t<\/figcaption><\/figure><figure class='gallery-item'>\n\t\t\t<div class='gallery-icon landscape'>\n\t\t\t\t<a href='https:\/\/www.elplafon.es\/w\/noticias\/resultados-del-x-concurso-fotografia-plafon\/attachment\/bodegon\/'><img loading=\"lazy\" decoding=\"async\" width=\"150\" height=\"150\" src=\"https:\/\/www.elplafon.es\/w\/wp-content\/uploads\/2016\/12\/Bodegon-150x150.jpg\" class=\"attachment-thumbnail size-thumbnail\" alt=\"\" aria-describedby=\"gallery-1-2099\" \/><\/a>\n\t\t\t<\/div>\n\t\t\t\t<figcaption class='wp-caption-text gallery-caption' id='gallery-1-2099'>\n\t\t\t\tIv\u00e1n Palero Llanos\n\t\t\t\t<\/figcaption><\/figure><figure class='gallery-item'>\n\t\t\t<div class='gallery-icon landscape'>\n\t\t\t\t<a href='https:\/\/www.elplafon.es\/w\/noticias\/resultados-del-x-concurso-fotografia-plafon\/attachment\/campo-de-hielo-wapta-y-pico-de-san-nicolas-rocosas-canadienses\/'><img loading=\"lazy\" decoding=\"async\" width=\"150\" height=\"150\" src=\"https:\/\/www.elplafon.es\/w\/wp-content\/uploads\/2016\/12\/Campo-de-hielo-Wapta-y-pico-de-San-Nicolas-Rocosas-Canadienses-150x150.jpg\" class=\"attachment-thumbnail size-thumbnail\" alt=\"\" aria-describedby=\"gallery-1-2100\" \/><\/a>\n\t\t\t<\/div>\n\t\t\t\t<figcaption class='wp-caption-text gallery-caption' id='gallery-1-2100'>\n\t\t\t\tJavier V\u00e1zquez del Real\n\t\t\t\t<\/figcaption><\/figure><figure class='gallery-item'>\n\t\t\t<div class='gallery-icon landscape'>\n\t\t\t\t<a href='https:\/\/www.elplafon.es\/w\/noticias\/resultados-del-x-concurso-fotografia-plafon\/attachment\/chova-nepali\/'><img loading=\"lazy\" decoding=\"async\" width=\"150\" height=\"150\" src=\"https:\/\/www.elplafon.es\/w\/wp-content\/uploads\/2016\/12\/Chova-Nepali-150x150.jpg\" class=\"attachment-thumbnail size-thumbnail\" alt=\"\" aria-describedby=\"gallery-1-2101\" \/><\/a>\n\t\t\t<\/div>\n\t\t\t\t<figcaption class='wp-caption-text gallery-caption' id='gallery-1-2101'>\n\t\t\t\tAdolfo Gonz\u00e1lez\n\t\t\t\t<\/figcaption><\/figure><figure class='gallery-item'>\n\t\t\t<div class='gallery-icon portrait'>\n\t\t\t\t<a href='https:\/\/www.elplafon.es\/w\/noticias\/resultados-del-x-concurso-fotografia-plafon\/attachment\/cuando_no_encuentras_la_via\/'><img loading=\"lazy\" decoding=\"async\" width=\"150\" height=\"150\" src=\"https:\/\/www.elplafon.es\/w\/wp-content\/uploads\/2016\/12\/Cuando_no_encuentras_la_via-150x150.jpg\" class=\"attachment-thumbnail size-thumbnail\" alt=\"\" aria-describedby=\"gallery-1-2102\" \/><\/a>\n\t\t\t<\/div>\n\t\t\t\t<figcaption class='wp-caption-text gallery-caption' id='gallery-1-2102'>\n\t\t\t\tHugo Santamar\u00eda\n\t\t\t\t<\/figcaption><\/figure><figure class='gallery-item'>\n\t\t\t<div class='gallery-icon landscape'>\n\t\t\t\t<a href='https:\/\/www.elplafon.es\/w\/noticias\/resultados-del-x-concurso-fotografia-plafon\/attachment\/descanso-en-la-tri-cima-di-lavaredo-mianrote\/'><img loading=\"lazy\" decoding=\"async\" width=\"150\" height=\"150\" src=\"https:\/\/www.elplafon.es\/w\/wp-content\/uploads\/2016\/12\/descanso-en-la-tri-cima-di-lavaredo-mianrote-150x150.jpg\" class=\"attachment-thumbnail size-thumbnail\" alt=\"\" aria-describedby=\"gallery-1-2103\" \/><\/a>\n\t\t\t<\/div>\n\t\t\t\t<figcaption class='wp-caption-text gallery-caption' id='gallery-1-2103'>\n\t\t\t\tMiguel Angel Romero Tercero\n\t\t\t\t<\/figcaption><\/figure><figure class='gallery-item'>\n\t\t\t<div class='gallery-icon landscape'>\n\t\t\t\t<a href='https:\/\/www.elplafon.es\/w\/noticias\/resultados-del-x-concurso-fotografia-plafon\/attachment\/dolomitas-descerebrada\/'><img loading=\"lazy\" decoding=\"async\" width=\"150\" height=\"150\" src=\"https:\/\/www.elplafon.es\/w\/wp-content\/uploads\/2016\/12\/Dolomitas-descerebrada-150x150.jpg\" class=\"attachment-thumbnail size-thumbnail\" alt=\"\" aria-describedby=\"gallery-1-2104\" \/><\/a>\n\t\t\t<\/div>\n\t\t\t\t<figcaption class='wp-caption-text gallery-caption' id='gallery-1-2104'>\n\t\t\t\tCarmen Bri\u00f1as\n\t\t\t\t<\/figcaption><\/figure><figure class='gallery-item'>\n\t\t\t<div class='gallery-icon landscape'>\n\t\t\t\t<a href='https:\/\/www.elplafon.es\/w\/noticias\/resultados-del-x-concurso-fotografia-plafon\/attachment\/dsc00011\/'><img loading=\"lazy\" decoding=\"async\" width=\"150\" height=\"150\" src=\"https:\/\/www.elplafon.es\/w\/wp-content\/uploads\/2016\/12\/DSC00011-150x150.jpg\" class=\"attachment-thumbnail size-thumbnail\" alt=\"\" aria-describedby=\"gallery-1-2105\" \/><\/a>\n\t\t\t<\/div>\n\t\t\t\t<figcaption class='wp-caption-text gallery-caption' id='gallery-1-2105'>\n\t\t\t\tJuan Carlos Castellanos\n\t\t\t\t<\/figcaption><\/figure><figure class='gallery-item'>\n\t\t\t<div class='gallery-icon portrait'>\n\t\t\t\t<a href='https:\/\/www.elplafon.es\/w\/noticias\/resultados-del-x-concurso-fotografia-plafon\/attachment\/dsc00313\/'><img loading=\"lazy\" decoding=\"async\" width=\"150\" height=\"150\" src=\"https:\/\/www.elplafon.es\/w\/wp-content\/uploads\/2016\/12\/DSC00313-150x150.jpg\" class=\"attachment-thumbnail size-thumbnail\" alt=\"\" aria-describedby=\"gallery-1-2106\" \/><\/a>\n\t\t\t<\/div>\n\t\t\t\t<figcaption class='wp-caption-text gallery-caption' id='gallery-1-2106'>\n\t\t\t\tCristina Sevilla\n\t\t\t\t<\/figcaption><\/figure><figure class='gallery-item'>\n\t\t\t<div class='gallery-icon landscape'>\n\t\t\t\t<a href='https:\/\/www.elplafon.es\/w\/noticias\/resultados-del-x-concurso-fotografia-plafon\/attachment\/dsc03426\/'><img loading=\"lazy\" decoding=\"async\" width=\"150\" height=\"150\" src=\"https:\/\/www.elplafon.es\/w\/wp-content\/uploads\/2016\/12\/DSC03426-150x150.jpg\" class=\"attachment-thumbnail size-thumbnail\" alt=\"\" aria-describedby=\"gallery-1-2107\" \/><\/a>\n\t\t\t<\/div>\n\t\t\t\t<figcaption class='wp-caption-text gallery-caption' id='gallery-1-2107'>\n\t\t\t\tCristina Sevilla\n\t\t\t\t<\/figcaption><\/figure><figure class='gallery-item'>\n\t\t\t<div class='gallery-icon landscape'>\n\t\t\t\t<a href='https:\/\/www.elplafon.es\/w\/noticias\/resultados-del-x-concurso-fotografia-plafon\/attachment\/el-palista-bohemio\/'><img loading=\"lazy\" decoding=\"async\" width=\"150\" height=\"150\" src=\"https:\/\/www.elplafon.es\/w\/wp-content\/uploads\/2016\/12\/El-palista-bohemio-150x150.jpg\" class=\"attachment-thumbnail size-thumbnail\" alt=\"\" aria-describedby=\"gallery-1-2108\" \/><\/a>\n\t\t\t<\/div>\n\t\t\t\t<figcaption class='wp-caption-text gallery-caption' id='gallery-1-2108'>\n\t\t\t\tJes\u00fas Velasco\n\t\t\t\t<\/figcaption><\/figure><figure class='gallery-item'>\n\t\t\t<div class='gallery-icon landscape'>\n\t\t\t\t<a href='https:\/\/www.elplafon.es\/w\/noticias\/resultados-del-x-concurso-fotografia-plafon\/attachment\/fff-five-fingers-fight\/'><img loading=\"lazy\" decoding=\"async\" width=\"150\" height=\"150\" src=\"https:\/\/www.elplafon.es\/w\/wp-content\/uploads\/2016\/12\/FFF-five-fingers-fight-150x150.jpg\" class=\"attachment-thumbnail size-thumbnail\" alt=\"\" aria-describedby=\"gallery-1-2109\" \/><\/a>\n\t\t\t<\/div>\n\t\t\t\t<figcaption class='wp-caption-text gallery-caption' id='gallery-1-2109'>\n\t\t\t\tIv\u00e1n Palero Llanos\n\t\t\t\t<\/figcaption><\/figure><figure class='gallery-item'>\n\t\t\t<div class='gallery-icon landscape'>\n\t\t\t\t<a href='https:\/\/www.elplafon.es\/w\/noticias\/resultados-del-x-concurso-fotografia-plafon\/attachment\/samsung-digital-camera\/'><img loading=\"lazy\" decoding=\"async\" width=\"150\" height=\"150\" src=\"https:\/\/www.elplafon.es\/w\/wp-content\/uploads\/2016\/12\/Hielo-de-colores-150x150.jpg\" class=\"attachment-thumbnail size-thumbnail\" alt=\"\" aria-describedby=\"gallery-1-2110\" \/><\/a>\n\t\t\t<\/div>\n\t\t\t\t<figcaption class='wp-caption-text gallery-caption' id='gallery-1-2110'>\n\t\t\t\tMar\u00eda Pilar Agudo\n\t\t\t\t<\/figcaption><\/figure><figure class='gallery-item'>\n\t\t\t<div class='gallery-icon landscape'>\n\t\t\t\t<a href='https:\/\/www.elplafon.es\/w\/noticias\/resultados-del-x-concurso-fotografia-plafon\/attachment\/img_0234-effects\/'><img loading=\"lazy\" decoding=\"async\" width=\"150\" height=\"150\" src=\"https:\/\/www.elplafon.es\/w\/wp-content\/uploads\/2016\/12\/IMG_0234-EFFECTS-150x150.jpg\" class=\"attachment-thumbnail size-thumbnail\" alt=\"\" aria-describedby=\"gallery-1-2111\" \/><\/a>\n\t\t\t<\/div>\n\t\t\t\t<figcaption class='wp-caption-text gallery-caption' id='gallery-1-2111'>\n\t\t\t\tMar\u00eda Tirado\n\t\t\t\t<\/figcaption><\/figure>\n\t\t<\/div>\n\n","protected":false},"excerpt":{"rendered":"<p>Una vez realizado el fallo del jurado del X Concurso de Fotograf\u00eda El Plaf\u00f3n estos son los resultados:<\/p>\n","protected":false},"author":2,"featured_media":2091,"comment_status":"open","ping_status":"closed","sticky":false,"template":"","format":"standard","meta":{"footnotes":""},"categories":[10],"tags":[50,51],"class_list":["post-2060","post","type-post","status-publish","format-standard","has-post-thumbnail","hentry","category-noticias","tag-actividades","tag-fotografia","odd"],"_links":{"self":[{"href":"https:\/\/www.elplafon.es\/w\/wp-json\/wp\/v2\/posts\/2060","targetHints":{"allow":["GET"]}}],"collection":[{"href":"https:\/\/www.elplafon.es\/w\/wp-json\/wp\/v2\/posts"}],"about":[{"href":"https:\/\/www.elplafon.es\/w\/wp-json\/wp\/v2\/types\/post"}],"author":[{"embeddable":true,"href":"https:\/\/www.elplafon.es\/w\/wp-json\/wp\/v2\/users\/2"}],"replies":[{"embeddable":true,"href":"https:\/\/www.elplafon.es\/w\/wp-json\/wp\/v2\/comments?post=2060"}],"version-history":[{"count":7,"href":"https:\/\/www.elplafon.es\/w\/wp-json\/wp\/v2\/posts\/2060\/revisions"}],"predecessor-version":[{"id":2118,"href":"https:\/\/www.elplafon.es\/w\/wp-json\/wp\/v2\/posts\/2060\/revisions\/2118"}],"wp:featuredmedia":[{"embeddable":true,"href":"https:\/\/www.elplafon.es\/w\/wp-json\/wp\/v2\/media\/2091"}],"wp:attachment":[{"href":"https:\/\/www.elplafon.es\/w\/wp-json\/wp\/v2\/media?parent=2060"}],"wp:term":[{"taxonomy":"category","embeddable":true,"href":"https:\/\/www.elplafon.es\/w\/wp-json\/wp\/v2\/categories?post=2060"},{"taxonomy":"post_tag","embeddable":true,"href":"https:\/\/www.elplafon.es\/w\/wp-json\/wp\/v2\/tags?post=2060"}],"curies":[{"name":"wp","href":"https:\/\/api.w.org\/{rel}","templated":true}]}}