{"id":2049,"date":"2016-11-17T11:48:43","date_gmt":"2016-11-17T10:48:43","guid":{"rendered":"http:\/\/www.elplafon.es\/w\/?p=2049"},"modified":"2016-11-17T11:51:20","modified_gmt":"2016-11-17T10:51:20","slug":"vi-jornadas-montana","status":"publish","type":"post","link":"https:\/\/www.elplafon.es\/w\/noticias\/vi-jornadas-montana\/","title":{"rendered":"VI Jornadas de Monta\u00f1a"},"content":{"rendered":"<p><img loading=\"lazy\" decoding=\"async\" class=\"alignnone size-full wp-image-2050\" src=\"http:\/\/www.elplafon.es\/w\/wp-content\/uploads\/2016\/11\/VI-jornadas-montana-2016.jpg\" alt=\"vi-jornadas-montana-2016\" width=\"668\" height=\"960\" srcset=\"https:\/\/www.elplafon.es\/w\/wp-content\/uploads\/2016\/11\/VI-jornadas-montana-2016.jpg 668w, https:\/\/www.elplafon.es\/w\/wp-content\/uploads\/2016\/11\/VI-jornadas-montana-2016-209x300.jpg 209w\" sizes=\"auto, (max-width: 668px) 100vw, 668px\" \/><br \/>\n<!--more--><br \/>\nDel <strong>1 de diciembre al 12 de diciembre<\/strong> de 2016 El Plaf\u00f3n celebra las <strong>VI Jornadas de Monta\u00f1a<\/strong>. A lo largo de \u00e9stas se celebrar\u00e1n distintas actividades como:<\/p>\n<p>&nbsp;<\/p>\n<p><span style=\"color: #3366ff;\"><strong>Jueves 1 de diciembre<\/strong><\/span><\/p>\n<p><strong> Inauguraci\u00f3n de las Jornadas.<\/strong><\/p>\n<p><strong>Charla<\/strong>:\u00a0<strong>I traves\u00eda Torres del Paine<\/strong> a cargo del escalador conquense <strong>Pedro Cifuentes<\/strong>.<\/p>\n<p><strong>Hora<\/strong>: 19:00<\/p>\n<p><strong>Lugar<\/strong>: Espacio Joven de Ciudad Real (C\/ Barcelona, s\/n). <a href=\"https:\/\/goo.gl\/maps\/UvxLFBrNkuB2\" target=\"_blank\" rel=\"noopener\">Ver mapa<\/a>.<\/p>\n<p>&nbsp;<\/p>\n<p><span style=\"color: #3366ff;\"><strong>Viernes\u00a02 de diciembre<\/strong><\/span><\/p>\n<p><strong>Charla<\/strong>: <strong>De la pe\u00f1a de Pic\u00f3n al Himalaya<\/strong>, a cargo de <strong>Pilar Agudo<\/strong>.<\/p>\n<p><strong>Hora<\/strong>: 20:00<\/p>\n<p><strong>Lugar<\/strong>: Espacio Joven de Ciudad Real (C\/ Barcelona, s\/n). <a href=\"https:\/\/goo.gl\/maps\/UvxLFBrNkuB2\" target=\"_blank\" rel=\"noopener\">Ver mapa<\/a>.<\/p>\n<p>&nbsp;<\/p>\n<p><span style=\"color: #3366ff;\"><strong>Lunes 12 de diciembre<\/strong><\/span><\/p>\n<p>Proyecci\u00f3n, exposici\u00f3n y entrega de premios del <strong>Concurso de Fotograf\u00eda de monta\u00f1a y aventura<\/strong> de El Plaf\u00f3n.<\/p>\n<p><strong>Hora<\/strong>: 19:00<\/p>\n<p><strong>Lugar<\/strong>: Biblioteca P\u00fablica de Ciudad Real\u00a0(Avenida del Ferrocarril s\/n). <a href=\"https:\/\/goo.gl\/maps\/zjMjemGJNgF2\" target=\"_blank\" rel=\"noopener\">Ver mapa<\/a>.<\/p>\n","protected":false},"excerpt":{"rendered":"","protected":false},"author":2,"featured_media":0,"comment_status":"open","ping_status":"closed","sticky":false,"template":"","format":"standard","meta":{"footnotes":""},"categories":[10],"tags":[50,24,51],"class_list":["post-2049","post","type-post","status-publish","format-standard","hentry","category-noticias","tag-actividades","tag-el-plafon","tag-fotografia","odd"],"_links":{"self":[{"href":"https:\/\/www.elplafon.es\/w\/wp-json\/wp\/v2\/posts\/2049","targetHints":{"allow":["GET"]}}],"collection":[{"href":"https:\/\/www.elplafon.es\/w\/wp-json\/wp\/v2\/posts"}],"about":[{"href":"https:\/\/www.elplafon.es\/w\/wp-json\/wp\/v2\/types\/post"}],"author":[{"embeddable":true,"href":"https:\/\/www.elplafon.es\/w\/wp-json\/wp\/v2\/users\/2"}],"replies":[{"embeddable":true,"href":"https:\/\/www.elplafon.es\/w\/wp-json\/wp\/v2\/comments?post=2049"}],"version-history":[{"count":4,"href":"https:\/\/www.elplafon.es\/w\/wp-json\/wp\/v2\/posts\/2049\/revisions"}],"predecessor-version":[{"id":2054,"href":"https:\/\/www.elplafon.es\/w\/wp-json\/wp\/v2\/posts\/2049\/revisions\/2054"}],"wp:attachment":[{"href":"https:\/\/www.elplafon.es\/w\/wp-json\/wp\/v2\/media?parent=2049"}],"wp:term":[{"taxonomy":"category","embeddable":true,"href":"https:\/\/www.elplafon.es\/w\/wp-json\/wp\/v2\/categories?post=2049"},{"taxonomy":"post_tag","embeddable":true,"href":"https:\/\/www.elplafon.es\/w\/wp-json\/wp\/v2\/tags?post=2049"}],"curies":[{"name":"wp","href":"https:\/\/api.w.org\/{rel}","templated":true}]}}