{"id":1984,"date":"2016-01-09T09:43:51","date_gmt":"2016-01-09T08:43:51","guid":{"rendered":"http:\/\/www.elplafon.es\/w\/?p=1984"},"modified":"2016-01-09T09:43:51","modified_gmt":"2016-01-09T08:43:51","slug":"primer-7c","status":"publish","type":"post","link":"https:\/\/www.elplafon.es\/w\/articulos\/primer-7c\/","title":{"rendered":"Primer 7c"},"content":{"rendered":"<p>Hola!<br \/>\nEste a\u00f1o ha empezado bien para m\u00ed. El 6 de enero encaden\u00e9 mi primer 7c y tambi\u00e9n mi primera v\u00eda del a\u00f1o, ya que no hab\u00eda encadenado ni las de calentar. La v\u00eda en cuesti\u00f3n se llama Guin DJ, un corto desplome con paso de bloque al inicio y buscarse la vida entre a\u00e9reos reposos hasta la cadena. Est\u00e1 situado en la cueva de Oti\u00f1ar, Ja\u00e9n.<br \/>\n<img loading=\"lazy\" decoding=\"async\" class=\"alignnone size-full wp-image-1985\" src=\"http:\/\/www.elplafon.es\/w\/wp-content\/uploads\/2016\/01\/Probando-GuinDJ.jpg\" alt=\"Probando GuinDJ\" width=\"1200\" height=\"1600\" srcset=\"https:\/\/www.elplafon.es\/w\/wp-content\/uploads\/2016\/01\/Probando-GuinDJ.jpg 1200w, https:\/\/www.elplafon.es\/w\/wp-content\/uploads\/2016\/01\/Probando-GuinDJ-225x300.jpg 225w, https:\/\/www.elplafon.es\/w\/wp-content\/uploads\/2016\/01\/Probando-GuinDJ-768x1024.jpg 768w, https:\/\/www.elplafon.es\/w\/wp-content\/uploads\/2016\/01\/Probando-GuinDJ-800x1067.jpg 800w\" sizes=\"auto, (max-width: 1200px) 100vw, 1200px\" \/><br \/>\nFich\u00e9 esta v\u00eda hace unos meses pero en el primer intento fui incapaz de llegar a la cadena y lo ve\u00eda imposible pero posible. Tras un tiempo de concienciaci\u00f3n y entrenamiento de continuidad navide\u00f1o en el roco made in \u201cMundoVertical\u201d, me la llevo en 7 pegues repartidos en 3 d\u00edas! Por supuesto, gracias a Darek, que me asegur\u00f3 el encadene, siempre transmitiendo motivaci\u00f3n \u201cescala hasta la cadena!!\u201d gritaba y tambi\u00e9n a los diferentes personajes de la cueva que me fueron dando pistas de c\u00f3mo encadenar semejante desplome!<br \/>\n<img loading=\"lazy\" decoding=\"async\" class=\"alignnone size-full wp-image-1986\" src=\"http:\/\/www.elplafon.es\/w\/wp-content\/uploads\/2016\/01\/Celebration.jpg\" alt=\"Celebration\" width=\"1200\" height=\"1600\" srcset=\"https:\/\/www.elplafon.es\/w\/wp-content\/uploads\/2016\/01\/Celebration.jpg 1200w, https:\/\/www.elplafon.es\/w\/wp-content\/uploads\/2016\/01\/Celebration-225x300.jpg 225w, https:\/\/www.elplafon.es\/w\/wp-content\/uploads\/2016\/01\/Celebration-768x1024.jpg 768w, https:\/\/www.elplafon.es\/w\/wp-content\/uploads\/2016\/01\/Celebration-800x1067.jpg 800w\" sizes=\"auto, (max-width: 1200px) 100vw, 1200px\" \/><br \/>\nY para celebrar cambio de grado y nuevo a\u00f1o descorchamos una botella de cava riqu\u00edsimo en la cueva!!!! Y Darek se encaden\u00f3 su segundo octavo del d\u00eda tras dar unos buenos tragos&#8230; y comprobamos que escalar un poco borracho puede ser eficaz (un \u00faltimo pegue claro, luego has muerto)&#8230; pues que sean muchos m\u00e1s encadenes plafoneros en 2016!<\/p>\n<p style=\"text-align: right;\">Ibone<\/p>\n","protected":false},"excerpt":{"rendered":"<p>Hola! Este a\u00f1o ha empezado bien para m\u00ed. El 6 de enero encaden\u00e9 mi primer 7c y tambi\u00e9n mi primera v\u00eda del a\u00f1o, ya que no hab\u00eda encadenado ni las de calentar. La v\u00eda en cuesti\u00f3n se llama Guin DJ, un corto desplome con paso de bloque al inicio y buscarse la vida entre a\u00e9reos [&hellip;]<\/p>\n","protected":false},"author":2,"featured_media":1985,"comment_status":"open","ping_status":"closed","sticky":false,"template":"","format":"standard","meta":{"footnotes":""},"categories":[9],"tags":[19],"class_list":["post-1984","post","type-post","status-publish","format-standard","has-post-thumbnail","hentry","category-articulos","tag-escalada","odd"],"_links":{"self":[{"href":"https:\/\/www.elplafon.es\/w\/wp-json\/wp\/v2\/posts\/1984","targetHints":{"allow":["GET"]}}],"collection":[{"href":"https:\/\/www.elplafon.es\/w\/wp-json\/wp\/v2\/posts"}],"about":[{"href":"https:\/\/www.elplafon.es\/w\/wp-json\/wp\/v2\/types\/post"}],"author":[{"embeddable":true,"href":"https:\/\/www.elplafon.es\/w\/wp-json\/wp\/v2\/users\/2"}],"replies":[{"embeddable":true,"href":"https:\/\/www.elplafon.es\/w\/wp-json\/wp\/v2\/comments?post=1984"}],"version-history":[{"count":2,"href":"https:\/\/www.elplafon.es\/w\/wp-json\/wp\/v2\/posts\/1984\/revisions"}],"predecessor-version":[{"id":1988,"href":"https:\/\/www.elplafon.es\/w\/wp-json\/wp\/v2\/posts\/1984\/revisions\/1988"}],"wp:featuredmedia":[{"embeddable":true,"href":"https:\/\/www.elplafon.es\/w\/wp-json\/wp\/v2\/media\/1985"}],"wp:attachment":[{"href":"https:\/\/www.elplafon.es\/w\/wp-json\/wp\/v2\/media?parent=1984"}],"wp:term":[{"taxonomy":"category","embeddable":true,"href":"https:\/\/www.elplafon.es\/w\/wp-json\/wp\/v2\/categories?post=1984"},{"taxonomy":"post_tag","embeddable":true,"href":"https:\/\/www.elplafon.es\/w\/wp-json\/wp\/v2\/tags?post=1984"}],"curies":[{"name":"wp","href":"https:\/\/api.w.org\/{rel}","templated":true}]}}