{"id":1970,"date":"2015-10-28T16:33:13","date_gmt":"2015-10-28T15:33:13","guid":{"rendered":"http:\/\/www.elplafon.es\/w\/?p=1970"},"modified":"2015-10-28T16:33:13","modified_gmt":"2015-10-28T15:33:13","slug":"quintas-jornadas-de-montana","status":"publish","type":"post","link":"https:\/\/www.elplafon.es\/w\/noticias\/quintas-jornadas-de-montana\/","title":{"rendered":"Quintas Jornadas de Monta\u00f1a"},"content":{"rendered":"<p><img loading=\"lazy\" decoding=\"async\" src=\"http:\/\/www.elplafon.es\/w\/wp-content\/uploads\/2015\/10\/v-jornadas-montana-2015.jpg\" alt=\"v-jornadas-monta\u00f1a-2015\" width=\"960\" height=\"807\" class=\"alignnone size-full wp-image-1971\" srcset=\"https:\/\/www.elplafon.es\/w\/wp-content\/uploads\/2015\/10\/v-jornadas-montana-2015.jpg 960w, https:\/\/www.elplafon.es\/w\/wp-content\/uploads\/2015\/10\/v-jornadas-montana-2015-300x252.jpg 300w, https:\/\/www.elplafon.es\/w\/wp-content\/uploads\/2015\/10\/v-jornadas-montana-2015-800x673.jpg 800w\" sizes=\"auto, (max-width: 960px) 100vw, 960px\" \/><br \/>\n<!--more--><br \/>\nDel <strong>19 de noviembre al 3 de diceimbre de 2015<\/strong> El Plaf\u00f3n celebra las <strong>Quintas Jornadas de Monta\u00f1a<\/strong>. A lo largo de \u00e9stas se celebrar\u00e1n distintas actividades como:<\/p>\n<ul>\n<li><strong>Jueves 19<\/strong>. Inauguraci\u00f3n de las Jornadas y entrega de premios del VI Concurso de fotograf\u00eda de Monta\u00f1a del El Plaf\u00f3n<\/strong><\/li>\n<li><strong>Viernes 20<\/strong>. Cine de monta\u00f1a.<\/li>\n<li><strong>Lunes 23<\/strong>. Taller de primeros auxilios: RCP b\u00e1sica, por Mar\u00eda Dolores Ruiz Bariego. Enfermera y escaladora del CD El Plaf\u00f3n<\/li>\n<li><strong>Viernes 27<\/strong>. Ponencia. Habitantes de la roca, por Ibone Anza, veterinaria y escaladora del CD El Plaf\u00f3n.<\/li>\n<li><strong>Martes 1<\/strong>. Conferencia. El l\u00edmite de la l\u00f3gica, por Miguel A. Gavil\u00e1n L\u00f3pez, Director de la Escuela Municipal de Monta\u00f1a de Guadarrama.<\/li>\n<\/ul>\n<p>Todo esto y mucho m\u00e1s en el <strong>Sal\u00f3n de Actos<\/strong> de la <strong>Biblioteca P\u00fablica de Ciudad Real<\/strong>.<\/p>\n<p>Si ya practicas deportes en la naturaleza o si est\u00e1s interesado, no lo dudes, p\u00e1sate!<\/p>\n","protected":false},"excerpt":{"rendered":"","protected":false},"author":2,"featured_media":0,"comment_status":"open","ping_status":"closed","sticky":false,"template":"","format":"standard","meta":{"footnotes":""},"categories":[10],"tags":[50,24],"class_list":["post-1970","post","type-post","status-publish","format-standard","hentry","category-noticias","tag-actividades","tag-el-plafon","odd"],"_links":{"self":[{"href":"https:\/\/www.elplafon.es\/w\/wp-json\/wp\/v2\/posts\/1970","targetHints":{"allow":["GET"]}}],"collection":[{"href":"https:\/\/www.elplafon.es\/w\/wp-json\/wp\/v2\/posts"}],"about":[{"href":"https:\/\/www.elplafon.es\/w\/wp-json\/wp\/v2\/types\/post"}],"author":[{"embeddable":true,"href":"https:\/\/www.elplafon.es\/w\/wp-json\/wp\/v2\/users\/2"}],"replies":[{"embeddable":true,"href":"https:\/\/www.elplafon.es\/w\/wp-json\/wp\/v2\/comments?post=1970"}],"version-history":[{"count":2,"href":"https:\/\/www.elplafon.es\/w\/wp-json\/wp\/v2\/posts\/1970\/revisions"}],"predecessor-version":[{"id":1973,"href":"https:\/\/www.elplafon.es\/w\/wp-json\/wp\/v2\/posts\/1970\/revisions\/1973"}],"wp:attachment":[{"href":"https:\/\/www.elplafon.es\/w\/wp-json\/wp\/v2\/media?parent=1970"}],"wp:term":[{"taxonomy":"category","embeddable":true,"href":"https:\/\/www.elplafon.es\/w\/wp-json\/wp\/v2\/categories?post=1970"},{"taxonomy":"post_tag","embeddable":true,"href":"https:\/\/www.elplafon.es\/w\/wp-json\/wp\/v2\/tags?post=1970"}],"curies":[{"name":"wp","href":"https:\/\/api.w.org\/{rel}","templated":true}]}}