{"id":1964,"date":"2015-10-27T10:40:27","date_gmt":"2015-10-27T09:40:27","guid":{"rendered":"http:\/\/www.elplafon.es\/w\/?p=1964"},"modified":"2015-10-27T10:42:17","modified_gmt":"2015-10-27T09:42:17","slug":"video-de-la-ix-competicion-de-escalada-en-bloque-indoor-el-plafon","status":"publish","type":"post","link":"https:\/\/www.elplafon.es\/w\/noticias\/video-de-la-ix-competicion-de-escalada-en-bloque-indoor-el-plafon\/","title":{"rendered":"V\u00eddeo de la IX Competici\u00f3n de Escalada en Bloque Indoor El Plaf\u00f3n"},"content":{"rendered":"<p>Ya tenemos aqu\u00ed el v\u00eddeo de la IX Competici\u00f3n de Escalada en Bloque Indoor El Plaf\u00f3n, todo un \u00e9xito de organizaci\u00f3n.<br \/>\n<!--more--><br \/>\n<iframe loading=\"lazy\" title=\"9\u00aa COMPE DE BLOQUE ESCALOWEEN 2015_EL PLAF\u00d3N\" width=\"500\" height=\"281\" src=\"https:\/\/www.youtube.com\/embed\/H_qv-aV_MDw?feature=oembed\" frameborder=\"0\" allow=\"accelerometer; autoplay; clipboard-write; encrypted-media; gyroscope; picture-in-picture; web-share\" referrerpolicy=\"strict-origin-when-cross-origin\" allowfullscreen><\/iframe><\/p>\n","protected":false},"excerpt":{"rendered":"<p>Ya tenemos aqu\u00ed el v\u00eddeo de la IX Competici\u00f3n de Escalada en Bloque Indoor El Plaf\u00f3n, todo un \u00e9xito de organizaci\u00f3n.<\/p>\n","protected":false},"author":2,"featured_media":1955,"comment_status":"open","ping_status":"closed","sticky":false,"template":"","format":"standard","meta":{"footnotes":""},"categories":[10,11],"tags":[50,49,48,24],"class_list":["post-1964","post","type-post","status-publish","format-standard","has-post-thumbnail","hentry","category-noticias","category-s3-videos","tag-actividades","tag-bloque","tag-competicion","tag-el-plafon","odd"],"_links":{"self":[{"href":"https:\/\/www.elplafon.es\/w\/wp-json\/wp\/v2\/posts\/1964","targetHints":{"allow":["GET"]}}],"collection":[{"href":"https:\/\/www.elplafon.es\/w\/wp-json\/wp\/v2\/posts"}],"about":[{"href":"https:\/\/www.elplafon.es\/w\/wp-json\/wp\/v2\/types\/post"}],"author":[{"embeddable":true,"href":"https:\/\/www.elplafon.es\/w\/wp-json\/wp\/v2\/users\/2"}],"replies":[{"embeddable":true,"href":"https:\/\/www.elplafon.es\/w\/wp-json\/wp\/v2\/comments?post=1964"}],"version-history":[{"count":2,"href":"https:\/\/www.elplafon.es\/w\/wp-json\/wp\/v2\/posts\/1964\/revisions"}],"predecessor-version":[{"id":1966,"href":"https:\/\/www.elplafon.es\/w\/wp-json\/wp\/v2\/posts\/1964\/revisions\/1966"}],"wp:featuredmedia":[{"embeddable":true,"href":"https:\/\/www.elplafon.es\/w\/wp-json\/wp\/v2\/media\/1955"}],"wp:attachment":[{"href":"https:\/\/www.elplafon.es\/w\/wp-json\/wp\/v2\/media?parent=1964"}],"wp:term":[{"taxonomy":"category","embeddable":true,"href":"https:\/\/www.elplafon.es\/w\/wp-json\/wp\/v2\/categories?post=1964"},{"taxonomy":"post_tag","embeddable":true,"href":"https:\/\/www.elplafon.es\/w\/wp-json\/wp\/v2\/tags?post=1964"}],"curies":[{"name":"wp","href":"https:\/\/api.w.org\/{rel}","templated":true}]}}