{"id":1959,"date":"2015-10-13T10:51:10","date_gmt":"2015-10-13T08:51:10","guid":{"rendered":"http:\/\/www.elplafon.es\/w\/?p=1959"},"modified":"2015-10-13T10:51:10","modified_gmt":"2015-10-13T08:51:10","slug":"vi-concurso-de-fotografia-el-plafon","status":"publish","type":"post","link":"https:\/\/www.elplafon.es\/w\/noticias\/vi-concurso-de-fotografia-el-plafon\/","title":{"rendered":"VI Concurso de Fotograf\u00eda El Plaf\u00f3n"},"content":{"rendered":"<p><!--more--><br \/>\n<img loading=\"lazy\" decoding=\"async\" class=\"alignnone size-full wp-image-1960\" src=\"http:\/\/www.elplafon.es\/w\/wp-content\/uploads\/2015\/10\/vi-concurso-fotografia.jpg\" alt=\"vi-concurso-fotografia\" width=\"600\" height=\"392\" srcset=\"https:\/\/www.elplafon.es\/w\/wp-content\/uploads\/2015\/10\/vi-concurso-fotografia.jpg 600w, https:\/\/www.elplafon.es\/w\/wp-content\/uploads\/2015\/10\/vi-concurso-fotografia-300x196.jpg 300w\" sizes=\"auto, (max-width: 600px) 100vw, 600px\" \/><br \/>\nUn a\u00f1o m\u00e1s los que teng\u00e1is buena mano con la c\u00e1mara de fotos, o aquellos que simplemente apret\u00e1is el bot\u00f3n a ver qu\u00e9 sale, est\u00e1is invitados a participar en el <strong>VI Concurso de Fotograf\u00eda El Plaf\u00f3n<\/strong>.<\/p>\n<hr \/>\n<p><strong>Tem\u00e1tica:<\/strong> Actividad deportiva en la naturaleza.<\/p>\n<p><strong>Plazo de admisi\u00f3n de obras:<\/strong> Del 8\u00a0de octubre al 10 de noviembre de 2015.<\/p>\n<p><strong>Premios:<\/strong><\/p>\n<ul>\n<li>1er premio: 150 \u20ac<\/li>\n<li>2\u00ba premio: 100 \u20ac<\/li>\n<li>3er premio: 50 \u20ac (ofrecido por Imprimarte).<\/li>\n<\/ul>\n<p><strong>Entrega de premios:<\/strong> D\u00eda <strong>19 de noviembre<\/strong> en la Biblioteca P\u00fablica de Ciudad Real.<\/p>\n<p>Para tener toda la informaci\u00f3n sobre el concurso consulta las bases de concurso adjuntas.<\/p>\n<hr \/>\n<div class=\"attachments\"><dl class=\"attachments attachments-large\"><dt class=\"icon\">\r\n\t<a title=\"BASES CONCURSO DE FOTOGRAFIA\" href=\"https:\/\/www.elplafon.es\/w\/noticias\/vi-concurso-de-fotografia-el-plafon\/?aid=1961&sa=0\" >\r\n\t\t<img loading=\"lazy\" decoding=\"async\" src=\"https:\/\/www.elplafon.es\/w\/wp-content\/plugins\/eg-attachments\/img\/flags\/document.png\" width=\"48\" height=\"48\"  alt=\"BASES CONCURSO DE FOTOGRAFIA\" \/>\r\n\t<\/a>\r\n<\/dt>\r\n<dd class=\"caption\">\r\n\t<strong>T\u00edtulo<\/strong>: <a title=\"BASES CONCURSO DE FOTOGRAFIA\" href=\"https:\/\/www.elplafon.es\/w\/noticias\/vi-concurso-de-fotografia-el-plafon\/?aid=1961&sa=0\" >BASES CONCURSO DE FOTOGRAFIA<\/a> (0 click)\r\n\t<br\/>\r\n\t<strong>Leyenda<\/strong>: \r\n\t<br\/>\r\n\t<strong>Filename<\/strong>: bases-concurso-de-fotografia.pdf\r\n\t<br\/>\r\n\t<strong>Size<\/strong>: 287 KB\r\n<\/dd>\r\n<\/dl><p><\/p><\/div>\n<hr \/>\n","protected":false},"excerpt":{"rendered":"","protected":false},"author":2,"featured_media":0,"comment_status":"open","ping_status":"closed","sticky":false,"template":"","format":"standard","meta":{"footnotes":""},"categories":[10],"tags":[50,24,51],"class_list":["post-1959","post","type-post","status-publish","format-standard","hentry","category-noticias","tag-actividades","tag-el-plafon","tag-fotografia","odd"],"_links":{"self":[{"href":"https:\/\/www.elplafon.es\/w\/wp-json\/wp\/v2\/posts\/1959","targetHints":{"allow":["GET"]}}],"collection":[{"href":"https:\/\/www.elplafon.es\/w\/wp-json\/wp\/v2\/posts"}],"about":[{"href":"https:\/\/www.elplafon.es\/w\/wp-json\/wp\/v2\/types\/post"}],"author":[{"embeddable":true,"href":"https:\/\/www.elplafon.es\/w\/wp-json\/wp\/v2\/users\/2"}],"replies":[{"embeddable":true,"href":"https:\/\/www.elplafon.es\/w\/wp-json\/wp\/v2\/comments?post=1959"}],"version-history":[{"count":1,"href":"https:\/\/www.elplafon.es\/w\/wp-json\/wp\/v2\/posts\/1959\/revisions"}],"predecessor-version":[{"id":1962,"href":"https:\/\/www.elplafon.es\/w\/wp-json\/wp\/v2\/posts\/1959\/revisions\/1962"}],"wp:attachment":[{"href":"https:\/\/www.elplafon.es\/w\/wp-json\/wp\/v2\/media?parent=1959"}],"wp:term":[{"taxonomy":"category","embeddable":true,"href":"https:\/\/www.elplafon.es\/w\/wp-json\/wp\/v2\/categories?post=1959"},{"taxonomy":"post_tag","embeddable":true,"href":"https:\/\/www.elplafon.es\/w\/wp-json\/wp\/v2\/tags?post=1959"}],"curies":[{"name":"wp","href":"https:\/\/api.w.org\/{rel}","templated":true}]}}