{"id":1921,"date":"2015-06-18T10:35:18","date_gmt":"2015-06-18T08:35:18","guid":{"rendered":"http:\/\/www.elplafon.es\/w\/?p=1921"},"modified":"2015-06-18T10:36:13","modified_gmt":"2015-06-18T08:36:13","slug":"zulu-demente-riglos-y-efecto-babosa-penon-de-ifach","status":"publish","type":"post","link":"https:\/\/www.elplafon.es\/w\/noticias\/zulu-demente-riglos-y-efecto-babosa-penon-de-ifach\/","title":{"rendered":"Zul\u00fa demente (Riglos) y Efecto Babosa (Pe\u00f1\u00f3n de Ifach)"},"content":{"rendered":"<p><img loading=\"lazy\" decoding=\"async\" class=\"alignnone size-full wp-image-1922\" src=\"http:\/\/www.elplafon.es\/w\/wp-content\/uploads\/2015\/06\/ibone-zulu-demente.jpg\" alt=\"ibone-zulu-demente\" width=\"960\" height=\"720\" srcset=\"https:\/\/www.elplafon.es\/w\/wp-content\/uploads\/2015\/06\/ibone-zulu-demente.jpg 960w, https:\/\/www.elplafon.es\/w\/wp-content\/uploads\/2015\/06\/ibone-zulu-demente-300x225.jpg 300w, https:\/\/www.elplafon.es\/w\/wp-content\/uploads\/2015\/06\/ibone-zulu-demente-800x600.jpg 800w, https:\/\/www.elplafon.es\/w\/wp-content\/uploads\/2015\/06\/ibone-zulu-demente-640x480.jpg 640w\" sizes=\"auto, (max-width: 960px) 100vw, 960px\" \/><\/p>\n<p>Nuestros compa\u00f1eros Ibone y Chairo no paran. Algunos de sus \u00faltimos logros, acompa\u00f1ados de Maribel y Andr\u00e9, son la Zul\u00fa demente, en Riglos y la Efecto Babosa, en el Pe\u00f1\u00f3n de Ifach.<br \/>\n&nbsp;<!--more--><\/p>\n<p>Pod\u00e9is leer la cr\u00f3nica de sus aventuras en el blog de Maribel <a href=\"http:\/\/noesmihobby.blogspot.com.es\/\" target=\"_blank\" rel=\"noopener\">No es mi hobby<\/a>.<\/p>\n<ul>\n<li><a href=\"http:\/\/noesmihobby.blogspot.com.es\/2015\/06\/zulu-demente.html\" target=\"_blank\" rel=\"noopener\">Zul\u00fa demente<\/a>.<\/li>\n<li><a href=\"http:\/\/noesmihobby.blogspot.com.es\/2015\/06\/efecto-babosa-penon-de-ifach.html\" target=\"_blank\" rel=\"noopener\">Efecto babosa<\/a>.<\/li>\n<\/ul>\n","protected":false},"excerpt":{"rendered":"<p>Nuestros compa\u00f1eros Ibone y Chairo no paran. Algunos de sus \u00faltimos logros, acompa\u00f1ados de Maribel y Andr\u00e9, son la Zul\u00fa demente, en Riglos y la Efecto Babosa, en el Pe\u00f1\u00f3n de Ifach. &nbsp;<\/p>\n","protected":false},"author":2,"featured_media":0,"comment_status":"open","ping_status":"closed","sticky":false,"template":"","format":"standard","meta":{"footnotes":""},"categories":[10],"tags":[19,47],"class_list":["post-1921","post","type-post","status-publish","format-standard","hentry","category-noticias","tag-escalada","tag-escalada-clasica","odd"],"_links":{"self":[{"href":"https:\/\/www.elplafon.es\/w\/wp-json\/wp\/v2\/posts\/1921","targetHints":{"allow":["GET"]}}],"collection":[{"href":"https:\/\/www.elplafon.es\/w\/wp-json\/wp\/v2\/posts"}],"about":[{"href":"https:\/\/www.elplafon.es\/w\/wp-json\/wp\/v2\/types\/post"}],"author":[{"embeddable":true,"href":"https:\/\/www.elplafon.es\/w\/wp-json\/wp\/v2\/users\/2"}],"replies":[{"embeddable":true,"href":"https:\/\/www.elplafon.es\/w\/wp-json\/wp\/v2\/comments?post=1921"}],"version-history":[{"count":2,"href":"https:\/\/www.elplafon.es\/w\/wp-json\/wp\/v2\/posts\/1921\/revisions"}],"predecessor-version":[{"id":1924,"href":"https:\/\/www.elplafon.es\/w\/wp-json\/wp\/v2\/posts\/1921\/revisions\/1924"}],"wp:attachment":[{"href":"https:\/\/www.elplafon.es\/w\/wp-json\/wp\/v2\/media?parent=1921"}],"wp:term":[{"taxonomy":"category","embeddable":true,"href":"https:\/\/www.elplafon.es\/w\/wp-json\/wp\/v2\/categories?post=1921"},{"taxonomy":"post_tag","embeddable":true,"href":"https:\/\/www.elplafon.es\/w\/wp-json\/wp\/v2\/tags?post=1921"}],"curies":[{"name":"wp","href":"https:\/\/api.w.org\/{rel}","templated":true}]}}