{"id":1891,"date":"2014-12-26T10:00:10","date_gmt":"2014-12-26T09:00:10","guid":{"rendered":"http:\/\/www.elplafon.es\/w\/?p=1891"},"modified":"2014-12-26T10:00:10","modified_gmt":"2014-12-26T09:00:10","slug":"dos-socios-del-club-coronan-el-huayna-potosi-6000-m","status":"publish","type":"post","link":"https:\/\/www.elplafon.es\/w\/articulos\/dos-socios-del-club-coronan-el-huayna-potosi-6000-m\/","title":{"rendered":"Dos socios del club coronan el Huayna Potos\u00ed (6000 m)"},"content":{"rendered":"<p><img loading=\"lazy\" decoding=\"async\" class=\"alignnone size-full wp-image-1898\" src=\"http:\/\/www.elplafon.es\/w\/wp-content\/uploads\/2014\/12\/Huayna-Potosi-3.jpg\" alt=\"Huayna Potos\u00ed (3)\" width=\"800\" height=\"600\" srcset=\"https:\/\/www.elplafon.es\/w\/wp-content\/uploads\/2014\/12\/Huayna-Potosi-3.jpg 800w, https:\/\/www.elplafon.es\/w\/wp-content\/uploads\/2014\/12\/Huayna-Potosi-3-300x225.jpg 300w, https:\/\/www.elplafon.es\/w\/wp-content\/uploads\/2014\/12\/Huayna-Potosi-3-640x480.jpg 640w, https:\/\/www.elplafon.es\/w\/wp-content\/uploads\/2014\/12\/Huayna-Potosi-3-624x468.jpg 624w\" sizes=\"auto, (max-width: 800px) 100vw, 800px\" \/><br \/>\nNuestros compa\u00f1eros <strong>Paco y Bel\u00e9n<\/strong>, que recientemente han estado por tierras bolivianas, aprovecharon su estancia por esos lares para ascender el <strong>Huayna Potos\u00ed<\/strong> (6.088 m). <!--more-->Situada en el noroeste de Bolivia, en el departamente de La Paz, a escasos 25 km de la ciudad de La Paz. Su nombre significa \u00abcerro joven\u00bb en <a title=\"Idioma aimara\" href=\"http:\/\/es.wikipedia.org\/wiki\/Idioma_aimara\" target=\"_blank\" rel=\"noopener\">aymara<\/a> (Huayna: joven; Potos\u00ed: cerro). Por su proximidad a la capital y su accesible ruta normal, es una de las monta\u00f1as m\u00e1s concurridas de la <a title=\"Cordillera Central (Bolivia)\" href=\"http:\/\/es.wikipedia.org\/wiki\/Cordillera_Central_%28Bolivia%29\" target=\"_blank\" rel=\"noopener\">cordillera Real<\/a>. El Huayna Potos\u00ed no deja indiferente a ninguno de los visitantes de esta regi\u00f3n andina.<br \/>\nEste imponente macizo se alza monol\u00edticamente en roca, hielo y nieve, y ha sido escalado pr\u00e1cticamente por todos sus frentes. Fue conquistada por primera vez en 1919 por los alemanes R. Dients y O. Lohse, quienes pisaron su cumbre Sur. Sin embargo, en 1877, un grupo de cuatro alpinistas alemanes murieron en el intento de domarla. Hoy, como ayer, las condiciones clim\u00e1ticas y de terreno siempre fueron una barrera natural para los monta\u00f1istas que quieren coronarse en su cima, pero las condiciones actuales del nevado han cambiado, y debido al calentamiento global, los glaciares han retrocedido y lo que hace una d\u00e9cada se consideraba como un ascenso f\u00e1cil, hoy el agrietamiento de sus glaciares y paredes m\u00e1s verticales hacen que su conquista sea m\u00e1s t\u00e9cnica y dificultosa.<br \/>\n<div id='gallery-1' class='gallery galleryid-1891 gallery-columns-3 gallery-size-thumbnail'><figure class='gallery-item'>\n\t\t\t<div class='gallery-icon landscape'>\n\t\t\t\t<a href=\"https:\/\/www.elplafon.es\/w\/articulos\/dos-socios-del-club-coronan-el-huayna-potosi-6000-m\/attachment\/huayna-potosi-1\/\"><img loading=\"lazy\" decoding=\"async\" width=\"150\" height=\"150\" src=\"https:\/\/www.elplafon.es\/w\/wp-content\/uploads\/2014\/12\/Huayna-Potosi-1-300x300.jpg\" class=\"attachment-thumbnail size-thumbnail\" alt=\"\" \/><\/a>\n\t\t\t<\/div><\/figure><figure class='gallery-item'>\n\t\t\t<div class='gallery-icon landscape'>\n\t\t\t\t<a href=\"https:\/\/www.elplafon.es\/w\/articulos\/dos-socios-del-club-coronan-el-huayna-potosi-6000-m\/attachment\/huayna-potosi-2\/\"><img loading=\"lazy\" decoding=\"async\" width=\"150\" height=\"150\" src=\"https:\/\/www.elplafon.es\/w\/wp-content\/uploads\/2014\/12\/Huayna-Potosi-2-300x300.jpg\" class=\"attachment-thumbnail size-thumbnail\" alt=\"\" \/><\/a>\n\t\t\t<\/div><\/figure><figure class='gallery-item'>\n\t\t\t<div class='gallery-icon landscape'>\n\t\t\t\t<a href=\"https:\/\/www.elplafon.es\/w\/articulos\/dos-socios-del-club-coronan-el-huayna-potosi-6000-m\/attachment\/huayna-potosi-3\/\"><img loading=\"lazy\" decoding=\"async\" width=\"150\" height=\"150\" src=\"https:\/\/www.elplafon.es\/w\/wp-content\/uploads\/2014\/12\/Huayna-Potosi-3-300x300.jpg\" class=\"attachment-thumbnail size-thumbnail\" alt=\"\" \/><\/a>\n\t\t\t<\/div><\/figure><figure class='gallery-item'>\n\t\t\t<div class='gallery-icon landscape'>\n\t\t\t\t<a href=\"https:\/\/www.elplafon.es\/w\/articulos\/dos-socios-del-club-coronan-el-huayna-potosi-6000-m\/attachment\/huayna-potosi-4\/\"><img loading=\"lazy\" decoding=\"async\" width=\"150\" height=\"150\" src=\"https:\/\/www.elplafon.es\/w\/wp-content\/uploads\/2014\/12\/Huayna-Potosi-4-300x300.jpg\" class=\"attachment-thumbnail size-thumbnail\" alt=\"\" \/><\/a>\n\t\t\t<\/div><\/figure>\n\t\t<\/div>\n<\/p>\n","protected":false},"excerpt":{"rendered":"<p>Nuestros compa\u00f1eros Paco y Bel\u00e9n, que recientemente han estado por tierras bolivianas, aprovecharon su estancia por esos lares para ascender el Huayna Potos\u00ed (6.088 m).<\/p>\n","protected":false},"author":2,"featured_media":0,"comment_status":"open","ping_status":"closed","sticky":false,"template":"","format":"standard","meta":{"footnotes":""},"categories":[9],"tags":[26,31],"class_list":["post-1891","post","type-post","status-publish","format-standard","hentry","category-articulos","tag-montana","tag-resenas","odd"],"_links":{"self":[{"href":"https:\/\/www.elplafon.es\/w\/wp-json\/wp\/v2\/posts\/1891","targetHints":{"allow":["GET"]}}],"collection":[{"href":"https:\/\/www.elplafon.es\/w\/wp-json\/wp\/v2\/posts"}],"about":[{"href":"https:\/\/www.elplafon.es\/w\/wp-json\/wp\/v2\/types\/post"}],"author":[{"embeddable":true,"href":"https:\/\/www.elplafon.es\/w\/wp-json\/wp\/v2\/users\/2"}],"replies":[{"embeddable":true,"href":"https:\/\/www.elplafon.es\/w\/wp-json\/wp\/v2\/comments?post=1891"}],"version-history":[{"count":1,"href":"https:\/\/www.elplafon.es\/w\/wp-json\/wp\/v2\/posts\/1891\/revisions"}],"predecessor-version":[{"id":1900,"href":"https:\/\/www.elplafon.es\/w\/wp-json\/wp\/v2\/posts\/1891\/revisions\/1900"}],"wp:attachment":[{"href":"https:\/\/www.elplafon.es\/w\/wp-json\/wp\/v2\/media?parent=1891"}],"wp:term":[{"taxonomy":"category","embeddable":true,"href":"https:\/\/www.elplafon.es\/w\/wp-json\/wp\/v2\/categories?post=1891"},{"taxonomy":"post_tag","embeddable":true,"href":"https:\/\/www.elplafon.es\/w\/wp-json\/wp\/v2\/tags?post=1891"}],"curies":[{"name":"wp","href":"https:\/\/api.w.org\/{rel}","templated":true}]}}