{"id":1869,"date":"2014-11-10T09:11:28","date_gmt":"2014-11-10T08:11:28","guid":{"rendered":"http:\/\/www.elplafon.es\/w\/?p=1869"},"modified":"2014-11-10T09:12:13","modified_gmt":"2014-11-10T08:12:13","slug":"video-de-la-viii-competicion-de-escalada-en-bloque-indoor","status":"publish","type":"post","link":"https:\/\/www.elplafon.es\/w\/noticias\/video-de-la-viii-competicion-de-escalada-en-bloque-indoor\/","title":{"rendered":"V\u00eddeo de la VIII Competici\u00f3n de Escalada en Bloque Indoor"},"content":{"rendered":"<p><img loading=\"lazy\" decoding=\"async\" class=\"alignnone size-full wp-image-1849\" src=\"http:\/\/www.elplafon.es\/w\/wp-content\/uploads\/2014\/09\/VIII-Competicion-escalada-El-Plafon-fix.jpg\" alt=\"VIII-Competicion-escalada-El-Plafon-fix\" width=\"800\" height=\"450\" srcset=\"https:\/\/www.elplafon.es\/w\/wp-content\/uploads\/2014\/09\/VIII-Competicion-escalada-El-Plafon-fix.jpg 800w, https:\/\/www.elplafon.es\/w\/wp-content\/uploads\/2014\/09\/VIII-Competicion-escalada-El-Plafon-fix-300x168.jpg 300w, https:\/\/www.elplafon.es\/w\/wp-content\/uploads\/2014\/09\/VIII-Competicion-escalada-El-Plafon-fix-624x351.jpg 624w\" sizes=\"auto, (max-width: 800px) 100vw, 800px\" \/><br \/>\nV\u00eddeo de la <strong>VIII Competici\u00f3n de Escalada en Bloque Indoor<\/strong> de El plaf\u00f3n.<\/p>\n<p><!--more--><br \/>\n<iframe loading=\"lazy\" title=\"Competici\u00f3n El Plaf\u00f3n 2014\" width=\"500\" height=\"375\" src=\"https:\/\/www.youtube.com\/embed\/8vEsCsjwglc?feature=oembed\" frameborder=\"0\" allow=\"accelerometer; autoplay; clipboard-write; encrypted-media; gyroscope; picture-in-picture; web-share\" referrerpolicy=\"strict-origin-when-cross-origin\" allowfullscreen><\/iframe><\/p>\n<p>Gracias al compa\u00f1ero Fernando L. por el trabajo.<\/p>\n","protected":false},"excerpt":{"rendered":"<p>V\u00eddeo de la VIII Competici\u00f3n de Escalada en Bloque Indoor de El plaf\u00f3n.<\/p>\n","protected":false},"author":2,"featured_media":0,"comment_status":"open","ping_status":"closed","sticky":false,"template":"","format":"standard","meta":{"footnotes":""},"categories":[10,11],"tags":[50,19],"class_list":["post-1869","post","type-post","status-publish","format-standard","hentry","category-noticias","category-s3-videos","tag-actividades","tag-escalada","odd"],"_links":{"self":[{"href":"https:\/\/www.elplafon.es\/w\/wp-json\/wp\/v2\/posts\/1869","targetHints":{"allow":["GET"]}}],"collection":[{"href":"https:\/\/www.elplafon.es\/w\/wp-json\/wp\/v2\/posts"}],"about":[{"href":"https:\/\/www.elplafon.es\/w\/wp-json\/wp\/v2\/types\/post"}],"author":[{"embeddable":true,"href":"https:\/\/www.elplafon.es\/w\/wp-json\/wp\/v2\/users\/2"}],"replies":[{"embeddable":true,"href":"https:\/\/www.elplafon.es\/w\/wp-json\/wp\/v2\/comments?post=1869"}],"version-history":[{"count":3,"href":"https:\/\/www.elplafon.es\/w\/wp-json\/wp\/v2\/posts\/1869\/revisions"}],"predecessor-version":[{"id":1872,"href":"https:\/\/www.elplafon.es\/w\/wp-json\/wp\/v2\/posts\/1869\/revisions\/1872"}],"wp:attachment":[{"href":"https:\/\/www.elplafon.es\/w\/wp-json\/wp\/v2\/media?parent=1869"}],"wp:term":[{"taxonomy":"category","embeddable":true,"href":"https:\/\/www.elplafon.es\/w\/wp-json\/wp\/v2\/categories?post=1869"},{"taxonomy":"post_tag","embeddable":true,"href":"https:\/\/www.elplafon.es\/w\/wp-json\/wp\/v2\/tags?post=1869"}],"curies":[{"name":"wp","href":"https:\/\/api.w.org\/{rel}","templated":true}]}}