{"id":1835,"date":"2014-09-09T13:07:02","date_gmt":"2014-09-09T11:07:02","guid":{"rendered":"http:\/\/www.elplafon.es\/w\/?p=1835"},"modified":"2014-09-09T13:07:52","modified_gmt":"2014-09-09T11:07:52","slug":"jornada-de-puertas-abiertas-2014","status":"publish","type":"post","link":"https:\/\/www.elplafon.es\/w\/noticias\/jornada-de-puertas-abiertas-2014\/","title":{"rendered":"Jornada de puertas abiertas 2014"},"content":{"rendered":"<p><img loading=\"lazy\" decoding=\"async\" class=\"aligncenter size-full wp-image-1836\" src=\"http:\/\/www.elplafon.es\/w\/wp-content\/uploads\/2014\/09\/Jornada-puertas-abiertas-2014.jpg\" alt=\"Jornada puertas abiertas 2014\" width=\"679\" height=\"960\" srcset=\"https:\/\/www.elplafon.es\/w\/wp-content\/uploads\/2014\/09\/Jornada-puertas-abiertas-2014.jpg 679w, https:\/\/www.elplafon.es\/w\/wp-content\/uploads\/2014\/09\/Jornada-puertas-abiertas-2014-212x300.jpg 212w, https:\/\/www.elplafon.es\/w\/wp-content\/uploads\/2014\/09\/Jornada-puertas-abiertas-2014-624x882.jpg 624w\" sizes=\"auto, (max-width: 679px) 100vw, 679px\" \/><br \/>\n<!--more--><br \/>\nEl pr\u00f3ximo <strong>s\u00e1bado 20 de septiembre<\/strong>, desde las <strong>10:00 horas<\/strong>, an\u00edmate a probar <strong>GRATIS<\/strong> nuestro <strong>roc\u00f3dromo<\/strong> de Ciudad Real.<br \/>\nSi alguna vez te has sentido atra\u00eddo por la escalada \u00e9sta es la ocasi\u00f3n. Ven a probar nuestras instalaciones: boulder, escalada deportiva, acrobacia a\u00e9rea, cinta de equilibrio y mucho m\u00e1s, en un ambiente deportivo en el que no faltar\u00e1n la m\u00fasica y la diversi\u00f3n.<br \/>\nPara todas las edades.<br \/>\nEn breve se ofrecer\u00e1 la programaci\u00f3n detallada del d\u00eda.<br \/>\nAforo limitado<\/p>\n<p><a href=\"http:\/\/www.elplafon.es\/w\/contactar\/\" target=\"_blank\">Aqu\u00ed<\/a> puedes ver d\u00f3nde estamos.<\/p>\n","protected":false},"excerpt":{"rendered":"","protected":false},"author":2,"featured_media":0,"comment_status":"open","ping_status":"closed","sticky":false,"template":"","format":"standard","meta":{"footnotes":""},"categories":[10],"tags":[50,19],"class_list":["post-1835","post","type-post","status-publish","format-standard","hentry","category-noticias","tag-actividades","tag-escalada","odd"],"_links":{"self":[{"href":"https:\/\/www.elplafon.es\/w\/wp-json\/wp\/v2\/posts\/1835","targetHints":{"allow":["GET"]}}],"collection":[{"href":"https:\/\/www.elplafon.es\/w\/wp-json\/wp\/v2\/posts"}],"about":[{"href":"https:\/\/www.elplafon.es\/w\/wp-json\/wp\/v2\/types\/post"}],"author":[{"embeddable":true,"href":"https:\/\/www.elplafon.es\/w\/wp-json\/wp\/v2\/users\/2"}],"replies":[{"embeddable":true,"href":"https:\/\/www.elplafon.es\/w\/wp-json\/wp\/v2\/comments?post=1835"}],"version-history":[{"count":4,"href":"https:\/\/www.elplafon.es\/w\/wp-json\/wp\/v2\/posts\/1835\/revisions"}],"predecessor-version":[{"id":1840,"href":"https:\/\/www.elplafon.es\/w\/wp-json\/wp\/v2\/posts\/1835\/revisions\/1840"}],"wp:attachment":[{"href":"https:\/\/www.elplafon.es\/w\/wp-json\/wp\/v2\/media?parent=1835"}],"wp:term":[{"taxonomy":"category","embeddable":true,"href":"https:\/\/www.elplafon.es\/w\/wp-json\/wp\/v2\/categories?post=1835"},{"taxonomy":"post_tag","embeddable":true,"href":"https:\/\/www.elplafon.es\/w\/wp-json\/wp\/v2\/tags?post=1835"}],"curies":[{"name":"wp","href":"https:\/\/api.w.org\/{rel}","templated":true}]}}