{"id":1819,"date":"2014-05-21T23:51:56","date_gmt":"2014-05-21T21:51:56","guid":{"rendered":"http:\/\/www.elplafon.es\/w\/?p=1819"},"modified":"2014-05-21T23:54:19","modified_gmt":"2014-05-21T21:54:19","slug":"vias-ferratas-1-nociones-basicas-para-progresion-y-material-basico","status":"publish","type":"post","link":"https:\/\/www.elplafon.es\/w\/s3-videos\/vias-ferratas-1-nociones-basicas-para-progresion-y-material-basico\/","title":{"rendered":"V\u00edas Ferratas (1): Nociones b\u00e1sicas para progresi\u00f3n y material b\u00e1sico"},"content":{"rendered":"<p><img loading=\"lazy\" decoding=\"async\" class=\"aligncenter size-full wp-image-1820\" src=\"http:\/\/www.elplafon.es\/w\/wp-content\/uploads\/2014\/05\/ferratas.jpg\" alt=\"ferratas\" width=\"954\" height=\"534\" srcset=\"https:\/\/www.elplafon.es\/w\/wp-content\/uploads\/2014\/05\/ferratas.jpg 954w, https:\/\/www.elplafon.es\/w\/wp-content\/uploads\/2014\/05\/ferratas-300x167.jpg 300w, https:\/\/www.elplafon.es\/w\/wp-content\/uploads\/2014\/05\/ferratas-800x447.jpg 800w, https:\/\/www.elplafon.es\/w\/wp-content\/uploads\/2014\/05\/ferratas-624x349.jpg 624w\" sizes=\"auto, (max-width: 954px) 100vw, 954px\" \/><br \/>\n<!--more--><\/p>\n<p>http:\/\/vimeo.com\/94348538<\/p>\n","protected":false},"excerpt":{"rendered":"","protected":false},"author":2,"featured_media":0,"comment_status":"open","ping_status":"closed","sticky":false,"template":"","format":"standard","meta":{"footnotes":""},"categories":[11],"tags":[61,16],"class_list":["post-1819","post","type-post","status-publish","format-standard","hentry","category-s3-videos","tag-ferratas","tag-tecnica","odd"],"_links":{"self":[{"href":"https:\/\/www.elplafon.es\/w\/wp-json\/wp\/v2\/posts\/1819","targetHints":{"allow":["GET"]}}],"collection":[{"href":"https:\/\/www.elplafon.es\/w\/wp-json\/wp\/v2\/posts"}],"about":[{"href":"https:\/\/www.elplafon.es\/w\/wp-json\/wp\/v2\/types\/post"}],"author":[{"embeddable":true,"href":"https:\/\/www.elplafon.es\/w\/wp-json\/wp\/v2\/users\/2"}],"replies":[{"embeddable":true,"href":"https:\/\/www.elplafon.es\/w\/wp-json\/wp\/v2\/comments?post=1819"}],"version-history":[{"count":1,"href":"https:\/\/www.elplafon.es\/w\/wp-json\/wp\/v2\/posts\/1819\/revisions"}],"predecessor-version":[{"id":1821,"href":"https:\/\/www.elplafon.es\/w\/wp-json\/wp\/v2\/posts\/1819\/revisions\/1821"}],"wp:attachment":[{"href":"https:\/\/www.elplafon.es\/w\/wp-json\/wp\/v2\/media?parent=1819"}],"wp:term":[{"taxonomy":"category","embeddable":true,"href":"https:\/\/www.elplafon.es\/w\/wp-json\/wp\/v2\/categories?post=1819"},{"taxonomy":"post_tag","embeddable":true,"href":"https:\/\/www.elplafon.es\/w\/wp-json\/wp\/v2\/tags?post=1819"}],"curies":[{"name":"wp","href":"https:\/\/api.w.org\/{rel}","templated":true}]}}