{"id":1782,"date":"2009-04-25T09:21:50","date_gmt":"2009-04-25T07:21:50","guid":{"rendered":"http:\/\/www.elplafon.es\/w\/?p=1782"},"modified":"2014-01-28T21:28:34","modified_gmt":"2014-01-28T20:28:34","slug":"via-kina","status":"publish","type":"post","link":"https:\/\/www.elplafon.es\/w\/croquis\/via-kina\/","title":{"rendered":"V\u00eda Kina"},"content":{"rendered":"<p><img loading=\"lazy\" decoding=\"async\" class=\"aligncenter size-full wp-image-1794\" alt=\"Via Kina\" src=\"http:\/\/www.elplafon.es\/w\/wp-content\/uploads\/2014\/01\/Via-Kina.jpg\" width=\"800\" height=\"480\" srcset=\"https:\/\/www.elplafon.es\/w\/wp-content\/uploads\/2014\/01\/Via-Kina.jpg 800w, https:\/\/www.elplafon.es\/w\/wp-content\/uploads\/2014\/01\/Via-Kina-300x180.jpg 300w, https:\/\/www.elplafon.es\/w\/wp-content\/uploads\/2014\/01\/Via-Kina-624x374.jpg 624w\" sizes=\"auto, (max-width: 800px) 100vw, 800px\" \/><br \/>\n<strong>Aperturistas<\/strong>: Miguel Angel Romero y Miguel Angel Rojas<br \/>\n<strong>Ubicaci\u00f3n<\/strong>: A la derecha de la v\u00eda \u00abCuatro al d\u00eda\u00bb<br \/>\n<strong>Largos<\/strong>: 2, de 45m y 50 m<br \/>\n<strong>Equipamiento<\/strong>: Dos reuniones no rapelables (chapas sin anilla ni cadena). Tres parabolts en el primer largo y y cuatro en el segundo (en los pasos clave).<br \/>\n<strong>Descenso<\/strong>: Se baja andando, asegurado por un cable de acero.<br \/>\n<!--more--><br \/>\n<strong>Descripci\u00f3n<\/strong>:<br \/>\nLa v\u00eda discurre a la derecha de la v\u00eda \u201cCuatro al d\u00eda\u201d del Monda. Sube por el espol\u00f3n a la izquierda de la chimenea que parte la pared en dos. La apertura de la v\u00eda se hizo en estilo libre, siendo posterior el equipamiento de las reuniones as\u00ed como de las chapas que hay a lo largo de ella. Aun as\u00ed, hay que llevar friends y empotradores.<br \/>\nLas reuniones no se pueden rapelar. Constan de dos chapas sin anillas ni cadena.<br \/>\nLos largos son de 45 m el primero y casi 50 m el segundo. No es necesario doble cuerda para realizarla, siendo suficiente una cuerda de 60 m.<br \/>\nEl primer largo tiene tres parabolt, y el segundo cuatro en los pasos clave.<br \/>\nEl segundo largo es el m\u00e1s bonito y dif\u00edcil, teniendo una vista espectacular del gran techo de la pared.<br \/>\nLa bajada se hace por el cable que hay instalado a modo de ferrata por la arista superior de la pared, conforme llegamos arriba se baja por la izquierda.<br \/>\n\u00a1Animaos a repetirla!<\/p>\n<h2>AVISO:<\/h2>\n<p><strong>Os recordamos que se trata de una zona privada, y que el futuro de la misma depende del uso, y no abuso, que hagamos de la misma.<\/strong><\/p>\n<div id='gallery-1' class='gallery galleryid-1782 gallery-columns-3 gallery-size-thumbnail'><figure class='gallery-item'>\n\t\t\t<div class='gallery-icon portrait'>\n\t\t\t\t<a href='https:\/\/www.elplafon.es\/w\/croquis\/via-kina\/attachment\/via-kina-1-comienzo-i-largo\/'><img loading=\"lazy\" decoding=\"async\" width=\"150\" height=\"150\" src=\"https:\/\/www.elplafon.es\/w\/wp-content\/uploads\/2014\/01\/Via-Kina-1-Comienzo-I-largo--300x300.jpg\" class=\"attachment-thumbnail size-thumbnail\" alt=\"\" srcset=\"https:\/\/www.elplafon.es\/w\/wp-content\/uploads\/2014\/01\/Via-Kina-1-Comienzo-I-largo--300x300.jpg 300w, https:\/\/www.elplafon.es\/w\/wp-content\/uploads\/2014\/01\/Via-Kina-1-Comienzo-I-largo--480x480.jpg 480w\" sizes=\"auto, (max-width: 150px) 100vw, 150px\" \/><\/a>\n\t\t\t<\/div><\/figure><figure class='gallery-item'>\n\t\t\t<div class='gallery-icon landscape'>\n\t\t\t\t<a href='https:\/\/www.elplafon.es\/w\/croquis\/via-kina\/attachment\/via-kina-2-buscando-la-2a-reunion\/'><img loading=\"lazy\" decoding=\"async\" width=\"150\" height=\"150\" src=\"https:\/\/www.elplafon.es\/w\/wp-content\/uploads\/2014\/01\/Via-Kina-2-buscando-la-2a-reunion-300x300.jpg\" class=\"attachment-thumbnail size-thumbnail\" alt=\"\" \/><\/a>\n\t\t\t<\/div><\/figure><figure class='gallery-item'>\n\t\t\t<div class='gallery-icon landscape'>\n\t\t\t\t<a href='https:\/\/www.elplafon.es\/w\/croquis\/via-kina\/attachment\/via-kina-3-primera-reunion\/'><img loading=\"lazy\" decoding=\"async\" width=\"150\" height=\"150\" src=\"https:\/\/www.elplafon.es\/w\/wp-content\/uploads\/2014\/01\/Via-Kina-3-Primera-reunion-300x300.jpg\" class=\"attachment-thumbnail size-thumbnail\" alt=\"\" \/><\/a>\n\t\t\t<\/div><\/figure><figure class='gallery-item'>\n\t\t\t<div class='gallery-icon portrait'>\n\t\t\t\t<a href='https:\/\/www.elplafon.es\/w\/croquis\/via-kina\/attachment\/via-kina-4-comienzo-ii-largo\/'><img loading=\"lazy\" decoding=\"async\" width=\"150\" height=\"150\" src=\"https:\/\/www.elplafon.es\/w\/wp-content\/uploads\/2014\/01\/Via-Kina-4-Comienzo-II-largo-300x300.jpg\" class=\"attachment-thumbnail size-thumbnail\" alt=\"\" srcset=\"https:\/\/www.elplafon.es\/w\/wp-content\/uploads\/2014\/01\/Via-Kina-4-Comienzo-II-largo-300x300.jpg 300w, https:\/\/www.elplafon.es\/w\/wp-content\/uploads\/2014\/01\/Via-Kina-4-Comienzo-II-largo-480x480.jpg 480w\" sizes=\"auto, (max-width: 150px) 100vw, 150px\" \/><\/a>\n\t\t\t<\/div><\/figure><figure class='gallery-item'>\n\t\t\t<div class='gallery-icon landscape'>\n\t\t\t\t<a href='https:\/\/www.elplafon.es\/w\/croquis\/via-kina\/attachment\/via-kina-foto-cumbre\/'><img loading=\"lazy\" decoding=\"async\" width=\"150\" height=\"150\" src=\"https:\/\/www.elplafon.es\/w\/wp-content\/uploads\/2014\/01\/Via-Kina-foto-cumbre-300x300.jpg\" class=\"attachment-thumbnail size-thumbnail\" alt=\"\" \/><\/a>\n\t\t\t<\/div><\/figure><figure class='gallery-item'>\n\t\t\t<div class='gallery-icon landscape'>\n\t\t\t\t<a href='https:\/\/www.elplafon.es\/w\/croquis\/via-kina\/attachment\/via-kina\/'><img loading=\"lazy\" decoding=\"async\" width=\"150\" height=\"150\" src=\"https:\/\/www.elplafon.es\/w\/wp-content\/uploads\/2014\/01\/Via-Kina-300x300.jpg\" class=\"attachment-thumbnail size-thumbnail\" alt=\"\" \/><\/a>\n\t\t\t<\/div><\/figure>\n\t\t<\/div>\n\n","protected":false},"excerpt":{"rendered":"<p>Aperturistas: Miguel Angel Romero y Miguel Angel Rojas Ubicaci\u00f3n: A la derecha de la v\u00eda \u00abCuatro al d\u00eda\u00bb Largos: 2, de 45m y 50 m Equipamiento: Dos reuniones no rapelables (chapas sin anilla ni cadena). Tres parabolts en el primer largo y y cuatro en el segundo (en los pasos clave). Descenso: Se baja andando, [&hellip;]<\/p>\n","protected":false},"author":2,"featured_media":0,"comment_status":"open","ping_status":"closed","sticky":false,"template":"","format":"standard","meta":{"footnotes":""},"categories":[13],"tags":[31],"class_list":["post-1782","post","type-post","status-publish","format-standard","hentry","category-croquis","tag-resenas","odd"],"_links":{"self":[{"href":"https:\/\/www.elplafon.es\/w\/wp-json\/wp\/v2\/posts\/1782","targetHints":{"allow":["GET"]}}],"collection":[{"href":"https:\/\/www.elplafon.es\/w\/wp-json\/wp\/v2\/posts"}],"about":[{"href":"https:\/\/www.elplafon.es\/w\/wp-json\/wp\/v2\/types\/post"}],"author":[{"embeddable":true,"href":"https:\/\/www.elplafon.es\/w\/wp-json\/wp\/v2\/users\/2"}],"replies":[{"embeddable":true,"href":"https:\/\/www.elplafon.es\/w\/wp-json\/wp\/v2\/comments?post=1782"}],"version-history":[{"count":3,"href":"https:\/\/www.elplafon.es\/w\/wp-json\/wp\/v2\/posts\/1782\/revisions"}],"predecessor-version":[{"id":1798,"href":"https:\/\/www.elplafon.es\/w\/wp-json\/wp\/v2\/posts\/1782\/revisions\/1798"}],"wp:attachment":[{"href":"https:\/\/www.elplafon.es\/w\/wp-json\/wp\/v2\/media?parent=1782"}],"wp:term":[{"taxonomy":"category","embeddable":true,"href":"https:\/\/www.elplafon.es\/w\/wp-json\/wp\/v2\/categories?post=1782"},{"taxonomy":"post_tag","embeddable":true,"href":"https:\/\/www.elplafon.es\/w\/wp-json\/wp\/v2\/tags?post=1782"}],"curies":[{"name":"wp","href":"https:\/\/api.w.org\/{rel}","templated":true}]}}