{"id":171,"date":"2008-05-03T00:00:00","date_gmt":"2008-05-02T22:00:00","guid":{"rendered":"http:\/\/www.elplafon.es\/w\/visita-de-los-alumnos-del-i-e-s-atenea-a-qel-plafonq\/"},"modified":"2008-05-03T00:00:00","modified_gmt":"2008-05-02T22:00:00","slug":"visita-de-los-alumnos-del-i-e-s-atenea-a-qel-plafonq","status":"publish","type":"post","link":"https:\/\/www.elplafon.es\/w\/sin-categoria\/visita-de-los-alumnos-del-i-e-s-atenea-a-qel-plafonq\/","title":{"rendered":"Visita de los alumnos del I. E. S. Atenea a \u00abEl Plaf\u00f3n\u00bb"},"content":{"rendered":"<p>El pasado mi\u00e9rcoles 22 de abril recibimos la visita de los alumnos del I. E. S. Atenea. Aqu\u00ed ten\u00e9is la nota de prensa en el   <a href=\"..\/elplafon\/docs\/Lanza-20080503.pdf\" target=\"_blank\">Diario Lanza<\/a><\/p>\n","protected":false},"excerpt":{"rendered":"<p>El pasado mi\u00e9rcoles 22 de abril recibimos la visita de los alumnos del I. E. S. Atenea. Aqu\u00ed ten\u00e9is la nota de prensa en el Diario Lanza<\/p>\n","protected":false},"author":2,"featured_media":0,"comment_status":"open","ping_status":"closed","sticky":false,"template":"","format":"standard","meta":{"footnotes":""},"categories":[],"tags":[18],"class_list":["post-171","post","type-post","status-publish","format-standard","hentry","tag-generales","odd"],"_links":{"self":[{"href":"https:\/\/www.elplafon.es\/w\/wp-json\/wp\/v2\/posts\/171","targetHints":{"allow":["GET"]}}],"collection":[{"href":"https:\/\/www.elplafon.es\/w\/wp-json\/wp\/v2\/posts"}],"about":[{"href":"https:\/\/www.elplafon.es\/w\/wp-json\/wp\/v2\/types\/post"}],"author":[{"embeddable":true,"href":"https:\/\/www.elplafon.es\/w\/wp-json\/wp\/v2\/users\/2"}],"replies":[{"embeddable":true,"href":"https:\/\/www.elplafon.es\/w\/wp-json\/wp\/v2\/comments?post=171"}],"version-history":[{"count":0,"href":"https:\/\/www.elplafon.es\/w\/wp-json\/wp\/v2\/posts\/171\/revisions"}],"wp:attachment":[{"href":"https:\/\/www.elplafon.es\/w\/wp-json\/wp\/v2\/media?parent=171"}],"wp:term":[{"taxonomy":"category","embeddable":true,"href":"https:\/\/www.elplafon.es\/w\/wp-json\/wp\/v2\/categories?post=171"},{"taxonomy":"post_tag","embeddable":true,"href":"https:\/\/www.elplafon.es\/w\/wp-json\/wp\/v2\/tags?post=171"}],"curies":[{"name":"wp","href":"https:\/\/api.w.org\/{rel}","templated":true}]}}