{"id":1708,"date":"2013-11-24T17:18:40","date_gmt":"2013-11-24T16:18:40","guid":{"rendered":"http:\/\/www.elplafon.es\/w\/?p=1708"},"modified":"2013-11-24T17:18:40","modified_gmt":"2013-11-24T16:18:40","slug":"vii-competicion-de-escalada-en-bloque-indoor-el-plafon-resultados","status":"publish","type":"post","link":"https:\/\/www.elplafon.es\/w\/noticias\/vii-competicion-de-escalada-en-bloque-indoor-el-plafon-resultados\/","title":{"rendered":"VII Competici\u00f3n de Escalada en Bloque Indoor El Plaf\u00f3n &#8211; Resultados"},"content":{"rendered":"<p><img loading=\"lazy\" decoding=\"async\" class=\"aligncenter size-full wp-image-1734\" alt=\"vii-compe-plafon-2013 (2)\" src=\"http:\/\/www.elplafon.es\/w\/wp-content\/uploads\/2013\/11\/vii-compe-plafon-2013-2.jpg\" width=\"800\" height=\"600\" srcset=\"https:\/\/www.elplafon.es\/w\/wp-content\/uploads\/2013\/11\/vii-compe-plafon-2013-2.jpg 800w, https:\/\/www.elplafon.es\/w\/wp-content\/uploads\/2013\/11\/vii-compe-plafon-2013-2-300x225.jpg 300w, https:\/\/www.elplafon.es\/w\/wp-content\/uploads\/2013\/11\/vii-compe-plafon-2013-2-640x480.jpg 640w, https:\/\/www.elplafon.es\/w\/wp-content\/uploads\/2013\/11\/vii-compe-plafon-2013-2-624x468.jpg 624w\" sizes=\"auto, (max-width: 800px) 100vw, 800px\" \/><br \/>\nEl pasado s\u00e1bado 23 de noviembre tuvo lugar la <strong>VII edici\u00f3n de la C0mpetici\u00f3n de Bloque Indoor El Plaf\u00f3n<\/strong>. Escaladores de toda la provincia, as\u00ed como algunos de Andaluc\u00eda, se dieron cita en esta competici\u00f3n que ya va por su s\u00e9ptimo a\u00f1o.<br \/>\n<!--more--><br \/>\nDespu\u00e9s de varias horas de escaladas por bloques duros y mucha diversi\u00f3n, los resultados fueron:<\/p>\n<h2>Categor\u00eda masculina:<\/h2>\n<ol>\n<li>Adolfo Pin\u00e9s L\u00e9rida (<a href=\"http:\/\/www.tytoalba.org\/\" target=\"_blank\" rel=\"noopener\">Tyto Alba<\/a>. Valdepe\u00f1as).<\/li>\n<li>Jos\u00e9 Carlos Corrales Dom\u00edngez (El Plaf\u00f3n. Ciudad Real).<\/li>\n<li>Luis Caminero (<a href=\"http:\/\/www.tytoalba.org\/\" target=\"_blank\" rel=\"noopener\">Tyto Alba<\/a>. Valdepe\u00f1as).<\/li>\n<\/ol>\n<h2>Categor\u00eda femenina:<\/h2>\n<ol>\n<li>Mar\u00eda P\u00e9rez (<a href=\"http:\/\/planetaceitunafundacion.blogspot.com.es\/\" target=\"_blank\" rel=\"noopener\">Planeta Aceituna<\/a>. Ja\u00e9n).<\/li>\n<li>In\u00e9s Caminero (<a href=\"http:\/\/www.tytoalba.org\/\" target=\"_blank\" rel=\"noopener\">Tyto Alba<\/a>. Valdepe\u00f1as).<\/li>\n<li>Ibone Anza (El Plaf\u00f3n. Ciudad Real).<\/li>\n<\/ol>\n<p>El Premio Honor\u00edfico de este a\u00f1o, que se otorga al socio\/a que m\u00e1s ha destacado por su desinteresado trabajo en los \u00abquehaceres\u00bb del Plaf\u00f3n, cay\u00f3 sobre Jes\u00fas Velasco.<\/p>\n<h2>Fotos:<\/h2>\n<div id='gallery-1' class='gallery galleryid-1708 gallery-columns-3 gallery-size-thumbnail'><figure class='gallery-item'>\n\t\t\t<div class='gallery-icon portrait'>\n\t\t\t\t<a href=\"https:\/\/www.elplafon.es\/w\/noticias\/vii-competicion-de-escalada-en-bloque-indoor-el-plafon-resultados\/attachment\/vii-compe-plafon-2013-17\/\"><img loading=\"lazy\" decoding=\"async\" width=\"150\" height=\"150\" src=\"https:\/\/www.elplafon.es\/w\/wp-content\/uploads\/2013\/11\/vii-compe-plafon-2013-17-300x300.jpg\" class=\"attachment-thumbnail size-thumbnail\" alt=\"\" \/><\/a>\n\t\t\t<\/div><\/figure><figure class='gallery-item'>\n\t\t\t<div class='gallery-icon portrait'>\n\t\t\t\t<a href=\"https:\/\/www.elplafon.es\/w\/noticias\/vii-competicion-de-escalada-en-bloque-indoor-el-plafon-resultados\/attachment\/vii-compe-plafon-2013-18\/\"><img loading=\"lazy\" decoding=\"async\" width=\"150\" height=\"150\" src=\"https:\/\/www.elplafon.es\/w\/wp-content\/uploads\/2013\/11\/vii-compe-plafon-2013-18-300x300.jpg\" class=\"attachment-thumbnail size-thumbnail\" alt=\"\" \/><\/a>\n\t\t\t<\/div><\/figure><figure class='gallery-item'>\n\t\t\t<div class='gallery-icon portrait'>\n\t\t\t\t<a href=\"https:\/\/www.elplafon.es\/w\/noticias\/vii-competicion-de-escalada-en-bloque-indoor-el-plafon-resultados\/attachment\/vii-compe-plafon-2013-19\/\"><img loading=\"lazy\" decoding=\"async\" width=\"150\" height=\"150\" src=\"https:\/\/www.elplafon.es\/w\/wp-content\/uploads\/2013\/11\/vii-compe-plafon-2013-19-300x300.jpg\" class=\"attachment-thumbnail size-thumbnail\" alt=\"\" \/><\/a>\n\t\t\t<\/div><\/figure><figure class='gallery-item'>\n\t\t\t<div class='gallery-icon portrait'>\n\t\t\t\t<a href=\"https:\/\/www.elplafon.es\/w\/noticias\/vii-competicion-de-escalada-en-bloque-indoor-el-plafon-resultados\/attachment\/vii-compe-plafon-2013-20\/\"><img loading=\"lazy\" decoding=\"async\" width=\"150\" height=\"150\" src=\"https:\/\/www.elplafon.es\/w\/wp-content\/uploads\/2013\/11\/vii-compe-plafon-2013-20-300x300.jpg\" class=\"attachment-thumbnail size-thumbnail\" alt=\"\" \/><\/a>\n\t\t\t<\/div><\/figure><figure class='gallery-item'>\n\t\t\t<div class='gallery-icon portrait'>\n\t\t\t\t<a href=\"https:\/\/www.elplafon.es\/w\/noticias\/vii-competicion-de-escalada-en-bloque-indoor-el-plafon-resultados\/attachment\/vii-compe-plafon-2013-21\/\"><img loading=\"lazy\" decoding=\"async\" width=\"150\" height=\"150\" src=\"https:\/\/www.elplafon.es\/w\/wp-content\/uploads\/2013\/11\/vii-compe-plafon-2013-21-300x300.jpg\" class=\"attachment-thumbnail size-thumbnail\" alt=\"\" \/><\/a>\n\t\t\t<\/div><\/figure><figure class='gallery-item'>\n\t\t\t<div class='gallery-icon portrait'>\n\t\t\t\t<a href=\"https:\/\/www.elplafon.es\/w\/noticias\/vii-competicion-de-escalada-en-bloque-indoor-el-plafon-resultados\/attachment\/vii-compe-plafon-2013-22\/\"><img loading=\"lazy\" decoding=\"async\" width=\"150\" height=\"150\" src=\"https:\/\/www.elplafon.es\/w\/wp-content\/uploads\/2013\/11\/vii-compe-plafon-2013-22-300x300.jpg\" class=\"attachment-thumbnail size-thumbnail\" alt=\"\" \/><\/a>\n\t\t\t<\/div><\/figure><figure class='gallery-item'>\n\t\t\t<div class='gallery-icon portrait'>\n\t\t\t\t<a href=\"https:\/\/www.elplafon.es\/w\/noticias\/vii-competicion-de-escalada-en-bloque-indoor-el-plafon-resultados\/attachment\/vii-compe-plafon-2013-23\/\"><img loading=\"lazy\" decoding=\"async\" width=\"150\" height=\"150\" src=\"https:\/\/www.elplafon.es\/w\/wp-content\/uploads\/2013\/11\/vii-compe-plafon-2013-23-300x300.jpg\" class=\"attachment-thumbnail size-thumbnail\" alt=\"\" \/><\/a>\n\t\t\t<\/div><\/figure><figure class='gallery-item'>\n\t\t\t<div class='gallery-icon portrait'>\n\t\t\t\t<a href=\"https:\/\/www.elplafon.es\/w\/noticias\/vii-competicion-de-escalada-en-bloque-indoor-el-plafon-resultados\/attachment\/vii-compe-plafon-2013-24\/\"><img loading=\"lazy\" decoding=\"async\" width=\"150\" height=\"150\" src=\"https:\/\/www.elplafon.es\/w\/wp-content\/uploads\/2013\/11\/vii-compe-plafon-2013-24-300x300.jpg\" class=\"attachment-thumbnail size-thumbnail\" alt=\"\" \/><\/a>\n\t\t\t<\/div><\/figure><figure class='gallery-item'>\n\t\t\t<div class='gallery-icon portrait'>\n\t\t\t\t<a href=\"https:\/\/www.elplafon.es\/w\/noticias\/vii-competicion-de-escalada-en-bloque-indoor-el-plafon-resultados\/attachment\/vii-compe-plafon-2013-25\/\"><img loading=\"lazy\" decoding=\"async\" width=\"150\" height=\"150\" src=\"https:\/\/www.elplafon.es\/w\/wp-content\/uploads\/2013\/11\/vii-compe-plafon-2013-25-300x300.jpg\" class=\"attachment-thumbnail size-thumbnail\" alt=\"\" \/><\/a>\n\t\t\t<\/div><\/figure><figure class='gallery-item'>\n\t\t\t<div class='gallery-icon portrait'>\n\t\t\t\t<a href=\"https:\/\/www.elplafon.es\/w\/noticias\/vii-competicion-de-escalada-en-bloque-indoor-el-plafon-resultados\/attachment\/vii-compe-plafon-2013-26\/\"><img loading=\"lazy\" decoding=\"async\" width=\"150\" height=\"150\" src=\"https:\/\/www.elplafon.es\/w\/wp-content\/uploads\/2013\/11\/vii-compe-plafon-2013-26-300x300.jpg\" class=\"attachment-thumbnail size-thumbnail\" alt=\"\" \/><\/a>\n\t\t\t<\/div><\/figure><figure class='gallery-item'>\n\t\t\t<div class='gallery-icon portrait'>\n\t\t\t\t<a href=\"https:\/\/www.elplafon.es\/w\/noticias\/vii-competicion-de-escalada-en-bloque-indoor-el-plafon-resultados\/attachment\/vii-compe-plafon-2013-27\/\"><img loading=\"lazy\" decoding=\"async\" width=\"150\" height=\"150\" src=\"https:\/\/www.elplafon.es\/w\/wp-content\/uploads\/2013\/11\/vii-compe-plafon-2013-27-300x300.jpg\" class=\"attachment-thumbnail size-thumbnail\" alt=\"\" \/><\/a>\n\t\t\t<\/div><\/figure><figure class='gallery-item'>\n\t\t\t<div class='gallery-icon portrait'>\n\t\t\t\t<a href=\"https:\/\/www.elplafon.es\/w\/noticias\/vii-competicion-de-escalada-en-bloque-indoor-el-plafon-resultados\/attachment\/vii-compe-plafon-2013-28\/\"><img loading=\"lazy\" decoding=\"async\" width=\"150\" height=\"150\" src=\"https:\/\/www.elplafon.es\/w\/wp-content\/uploads\/2013\/11\/vii-compe-plafon-2013-28-300x300.jpg\" class=\"attachment-thumbnail size-thumbnail\" alt=\"\" \/><\/a>\n\t\t\t<\/div><\/figure><figure class='gallery-item'>\n\t\t\t<div class='gallery-icon portrait'>\n\t\t\t\t<a href=\"https:\/\/www.elplafon.es\/w\/noticias\/vii-competicion-de-escalada-en-bloque-indoor-el-plafon-resultados\/attachment\/vii-compe-plafon-2013-29\/\"><img loading=\"lazy\" decoding=\"async\" width=\"150\" height=\"150\" src=\"https:\/\/www.elplafon.es\/w\/wp-content\/uploads\/2013\/11\/vii-compe-plafon-2013-29-300x300.jpg\" class=\"attachment-thumbnail size-thumbnail\" alt=\"\" \/><\/a>\n\t\t\t<\/div><\/figure><figure class='gallery-item'>\n\t\t\t<div class='gallery-icon portrait'>\n\t\t\t\t<a href=\"https:\/\/www.elplafon.es\/w\/noticias\/vii-competicion-de-escalada-en-bloque-indoor-el-plafon-resultados\/attachment\/vii-compe-plafon-2013-30\/\"><img loading=\"lazy\" decoding=\"async\" width=\"150\" height=\"150\" src=\"https:\/\/www.elplafon.es\/w\/wp-content\/uploads\/2013\/11\/vii-compe-plafon-2013-30-300x300.jpg\" class=\"attachment-thumbnail size-thumbnail\" alt=\"\" \/><\/a>\n\t\t\t<\/div><\/figure><figure class='gallery-item'>\n\t\t\t<div class='gallery-icon portrait'>\n\t\t\t\t<a href=\"https:\/\/www.elplafon.es\/w\/noticias\/vii-competicion-de-escalada-en-bloque-indoor-el-plafon-resultados\/attachment\/vii-compe-plafon-2013-31\/\"><img loading=\"lazy\" decoding=\"async\" width=\"150\" height=\"150\" src=\"https:\/\/www.elplafon.es\/w\/wp-content\/uploads\/2013\/11\/vii-compe-plafon-2013-31-300x300.jpg\" class=\"attachment-thumbnail size-thumbnail\" alt=\"\" \/><\/a>\n\t\t\t<\/div><\/figure><figure class='gallery-item'>\n\t\t\t<div class='gallery-icon portrait'>\n\t\t\t\t<a href=\"https:\/\/www.elplafon.es\/w\/noticias\/vii-competicion-de-escalada-en-bloque-indoor-el-plafon-resultados\/attachment\/vii-compe-plafon-2013-32\/\"><img loading=\"lazy\" decoding=\"async\" width=\"150\" height=\"150\" src=\"https:\/\/www.elplafon.es\/w\/wp-content\/uploads\/2013\/11\/vii-compe-plafon-2013-32-300x300.jpg\" class=\"attachment-thumbnail size-thumbnail\" alt=\"\" \/><\/a>\n\t\t\t<\/div><\/figure><figure class='gallery-item'>\n\t\t\t<div class='gallery-icon portrait'>\n\t\t\t\t<a href=\"https:\/\/www.elplafon.es\/w\/noticias\/vii-competicion-de-escalada-en-bloque-indoor-el-plafon-resultados\/attachment\/vii-compe-plafon-2013-33\/\"><img loading=\"lazy\" decoding=\"async\" width=\"150\" height=\"150\" src=\"https:\/\/www.elplafon.es\/w\/wp-content\/uploads\/2013\/11\/vii-compe-plafon-2013-33-300x300.jpg\" class=\"attachment-thumbnail size-thumbnail\" alt=\"\" \/><\/a>\n\t\t\t<\/div><\/figure><figure class='gallery-item'>\n\t\t\t<div class='gallery-icon portrait'>\n\t\t\t\t<a href=\"https:\/\/www.elplafon.es\/w\/noticias\/vii-competicion-de-escalada-en-bloque-indoor-el-plafon-resultados\/attachment\/vii-compe-plafon-2013-34\/\"><img loading=\"lazy\" decoding=\"async\" width=\"150\" height=\"150\" src=\"https:\/\/www.elplafon.es\/w\/wp-content\/uploads\/2013\/11\/vii-compe-plafon-2013-34-300x300.jpg\" class=\"attachment-thumbnail size-thumbnail\" alt=\"\" \/><\/a>\n\t\t\t<\/div><\/figure><figure class='gallery-item'>\n\t\t\t<div class='gallery-icon portrait'>\n\t\t\t\t<a href=\"https:\/\/www.elplafon.es\/w\/noticias\/vii-competicion-de-escalada-en-bloque-indoor-el-plafon-resultados\/attachment\/vii-compe-plafon-2013-35\/\"><img loading=\"lazy\" decoding=\"async\" width=\"150\" height=\"150\" src=\"https:\/\/www.elplafon.es\/w\/wp-content\/uploads\/2013\/11\/vii-compe-plafon-2013-35-300x300.jpg\" class=\"attachment-thumbnail size-thumbnail\" alt=\"\" \/><\/a>\n\t\t\t<\/div><\/figure><figure class='gallery-item'>\n\t\t\t<div class='gallery-icon landscape'>\n\t\t\t\t<a href=\"https:\/\/www.elplafon.es\/w\/noticias\/vii-competicion-de-escalada-en-bloque-indoor-el-plafon-resultados\/attachment\/vii-compe-plafon-2013-36\/\"><img loading=\"lazy\" decoding=\"async\" width=\"150\" height=\"150\" src=\"https:\/\/www.elplafon.es\/w\/wp-content\/uploads\/2013\/11\/vii-compe-plafon-2013-36-300x300.jpg\" class=\"attachment-thumbnail size-thumbnail\" alt=\"\" \/><\/a>\n\t\t\t<\/div><\/figure><figure class='gallery-item'>\n\t\t\t<div class='gallery-icon landscape'>\n\t\t\t\t<a href=\"https:\/\/www.elplafon.es\/w\/noticias\/vii-competicion-de-escalada-en-bloque-indoor-el-plafon-resultados\/attachment\/vii-compe-plafon-2013-37\/\"><img loading=\"lazy\" decoding=\"async\" width=\"150\" height=\"150\" src=\"https:\/\/www.elplafon.es\/w\/wp-content\/uploads\/2013\/11\/vii-compe-plafon-2013-37-300x300.jpg\" class=\"attachment-thumbnail size-thumbnail\" alt=\"\" aria-describedby=\"gallery-1-1729\" \/><\/a>\n\t\t\t<\/div>\n\t\t\t\t<figcaption class='wp-caption-text gallery-caption' id='gallery-1-1729'>\n\t\t\t\tIbone Anza, In\u00e9s Caminero y Mar\u00eda P\u00e9rez.\n\t\t\t\t<\/figcaption><\/figure><figure class='gallery-item'>\n\t\t\t<div class='gallery-icon landscape'>\n\t\t\t\t<a href=\"https:\/\/www.elplafon.es\/w\/noticias\/vii-competicion-de-escalada-en-bloque-indoor-el-plafon-resultados\/attachment\/vii-compe-plafon-2013-38\/\"><img loading=\"lazy\" decoding=\"async\" width=\"150\" height=\"150\" src=\"https:\/\/www.elplafon.es\/w\/wp-content\/uploads\/2013\/11\/vii-compe-plafon-2013-38-300x300.jpg\" class=\"attachment-thumbnail size-thumbnail\" alt=\"\" aria-describedby=\"gallery-1-1730\" \/><\/a>\n\t\t\t<\/div>\n\t\t\t\t<figcaption class='wp-caption-text gallery-caption' id='gallery-1-1730'>\n\t\t\t\tJos\u00e9 Carlos Corrales, Adolfo Pin\u00e9s y Luis Caminero.\n\t\t\t\t<\/figcaption><\/figure><figure class='gallery-item'>\n\t\t\t<div class='gallery-icon portrait'>\n\t\t\t\t<a href=\"https:\/\/www.elplafon.es\/w\/noticias\/vii-competicion-de-escalada-en-bloque-indoor-el-plafon-resultados\/attachment\/vii-compe-plafon-2013-39\/\"><img loading=\"lazy\" decoding=\"async\" width=\"150\" height=\"150\" src=\"https:\/\/www.elplafon.es\/w\/wp-content\/uploads\/2013\/11\/vii-compe-plafon-2013-39-300x300.jpg\" class=\"attachment-thumbnail size-thumbnail\" alt=\"\" aria-describedby=\"gallery-1-1731\" \/><\/a>\n\t\t\t<\/div>\n\t\t\t\t<figcaption class='wp-caption-text gallery-caption' id='gallery-1-1731'>\n\t\t\t\tPremio Honor\u00edfico: \nJes\u00fas Velasco\n\t\t\t\t<\/figcaption><\/figure><figure class='gallery-item'>\n\t\t\t<div class='gallery-icon portrait'>\n\t\t\t\t<a href=\"https:\/\/www.elplafon.es\/w\/noticias\/vii-competicion-de-escalada-en-bloque-indoor-el-plafon-resultados\/attachment\/vii-compe-plafon-2013-40\/\"><img loading=\"lazy\" decoding=\"async\" width=\"150\" height=\"150\" src=\"https:\/\/www.elplafon.es\/w\/wp-content\/uploads\/2013\/11\/vii-compe-plafon-2013-40-300x300.jpg\" class=\"attachment-thumbnail size-thumbnail\" alt=\"\" aria-describedby=\"gallery-1-1732\" \/><\/a>\n\t\t\t<\/div>\n\t\t\t\t<figcaption class='wp-caption-text gallery-caption' id='gallery-1-1732'>\n\t\t\t\tPremio especial para los vencedores de ambas categor\u00edas.\n\t\t\t\t<\/figcaption><\/figure><figure class='gallery-item'>\n\t\t\t<div class='gallery-icon landscape'>\n\t\t\t\t<a href=\"https:\/\/www.elplafon.es\/w\/noticias\/vii-competicion-de-escalada-en-bloque-indoor-el-plafon-resultados\/attachment\/vii-compe-plafon-2013-1\/\"><img loading=\"lazy\" decoding=\"async\" width=\"150\" height=\"150\" src=\"https:\/\/www.elplafon.es\/w\/wp-content\/uploads\/2013\/11\/vii-compe-plafon-2013-1-300x300.jpg\" class=\"attachment-thumbnail size-thumbnail\" alt=\"\" \/><\/a>\n\t\t\t<\/div><\/figure><figure class='gallery-item'>\n\t\t\t<div class='gallery-icon landscape'>\n\t\t\t\t<a href=\"https:\/\/www.elplafon.es\/w\/noticias\/vii-competicion-de-escalada-en-bloque-indoor-el-plafon-resultados\/attachment\/vii-compe-plafon-2013-2\/\"><img loading=\"lazy\" decoding=\"async\" width=\"150\" height=\"150\" src=\"https:\/\/www.elplafon.es\/w\/wp-content\/uploads\/2013\/11\/vii-compe-plafon-2013-2-300x300.jpg\" class=\"attachment-thumbnail size-thumbnail\" alt=\"\" \/><\/a>\n\t\t\t<\/div><\/figure><figure class='gallery-item'>\n\t\t\t<div class='gallery-icon landscape'>\n\t\t\t\t<a href=\"https:\/\/www.elplafon.es\/w\/noticias\/vii-competicion-de-escalada-en-bloque-indoor-el-plafon-resultados\/attachment\/vii-compe-plafon-2013-3\/\"><img loading=\"lazy\" decoding=\"async\" width=\"150\" height=\"150\" src=\"https:\/\/www.elplafon.es\/w\/wp-content\/uploads\/2013\/11\/vii-compe-plafon-2013-3-300x300.jpg\" class=\"attachment-thumbnail size-thumbnail\" alt=\"\" \/><\/a>\n\t\t\t<\/div><\/figure><figure class='gallery-item'>\n\t\t\t<div class='gallery-icon landscape'>\n\t\t\t\t<a href=\"https:\/\/www.elplafon.es\/w\/noticias\/vii-competicion-de-escalada-en-bloque-indoor-el-plafon-resultados\/attachment\/vii-compe-plafon-2013-4\/\"><img loading=\"lazy\" decoding=\"async\" width=\"150\" height=\"150\" src=\"https:\/\/www.elplafon.es\/w\/wp-content\/uploads\/2013\/11\/vii-compe-plafon-2013-4-300x300.jpg\" class=\"attachment-thumbnail size-thumbnail\" alt=\"\" \/><\/a>\n\t\t\t<\/div><\/figure><figure class='gallery-item'>\n\t\t\t<div class='gallery-icon portrait'>\n\t\t\t\t<a href=\"https:\/\/www.elplafon.es\/w\/noticias\/vii-competicion-de-escalada-en-bloque-indoor-el-plafon-resultados\/attachment\/vii-compe-plafon-2013-5\/\"><img loading=\"lazy\" decoding=\"async\" width=\"150\" height=\"150\" src=\"https:\/\/www.elplafon.es\/w\/wp-content\/uploads\/2013\/11\/vii-compe-plafon-2013-5-300x300.jpg\" class=\"attachment-thumbnail size-thumbnail\" alt=\"\" \/><\/a>\n\t\t\t<\/div><\/figure><figure class='gallery-item'>\n\t\t\t<div class='gallery-icon portrait'>\n\t\t\t\t<a href=\"https:\/\/www.elplafon.es\/w\/noticias\/vii-competicion-de-escalada-en-bloque-indoor-el-plafon-resultados\/attachment\/vii-compe-plafon-2013-6\/\"><img loading=\"lazy\" decoding=\"async\" width=\"150\" height=\"150\" src=\"https:\/\/www.elplafon.es\/w\/wp-content\/uploads\/2013\/11\/vii-compe-plafon-2013-6-300x300.jpg\" class=\"attachment-thumbnail size-thumbnail\" alt=\"\" \/><\/a>\n\t\t\t<\/div><\/figure><figure class='gallery-item'>\n\t\t\t<div class='gallery-icon portrait'>\n\t\t\t\t<a href=\"https:\/\/www.elplafon.es\/w\/noticias\/vii-competicion-de-escalada-en-bloque-indoor-el-plafon-resultados\/attachment\/vii-compe-plafon-2013-7\/\"><img loading=\"lazy\" decoding=\"async\" width=\"150\" height=\"150\" src=\"https:\/\/www.elplafon.es\/w\/wp-content\/uploads\/2013\/11\/vii-compe-plafon-2013-7-300x300.jpg\" class=\"attachment-thumbnail size-thumbnail\" alt=\"\" \/><\/a>\n\t\t\t<\/div><\/figure><figure class='gallery-item'>\n\t\t\t<div class='gallery-icon portrait'>\n\t\t\t\t<a href=\"https:\/\/www.elplafon.es\/w\/noticias\/vii-competicion-de-escalada-en-bloque-indoor-el-plafon-resultados\/attachment\/vii-compe-plafon-2013-8\/\"><img loading=\"lazy\" decoding=\"async\" width=\"150\" height=\"150\" src=\"https:\/\/www.elplafon.es\/w\/wp-content\/uploads\/2013\/11\/vii-compe-plafon-2013-8-300x300.jpg\" class=\"attachment-thumbnail size-thumbnail\" alt=\"\" \/><\/a>\n\t\t\t<\/div><\/figure><figure class='gallery-item'>\n\t\t\t<div class='gallery-icon portrait'>\n\t\t\t\t<a href=\"https:\/\/www.elplafon.es\/w\/noticias\/vii-competicion-de-escalada-en-bloque-indoor-el-plafon-resultados\/attachment\/vii-compe-plafon-2013-9\/\"><img loading=\"lazy\" decoding=\"async\" width=\"150\" height=\"150\" src=\"https:\/\/www.elplafon.es\/w\/wp-content\/uploads\/2013\/11\/vii-compe-plafon-2013-9-300x300.jpg\" class=\"attachment-thumbnail size-thumbnail\" alt=\"\" \/><\/a>\n\t\t\t<\/div><\/figure><figure class='gallery-item'>\n\t\t\t<div class='gallery-icon portrait'>\n\t\t\t\t<a href=\"https:\/\/www.elplafon.es\/w\/noticias\/vii-competicion-de-escalada-en-bloque-indoor-el-plafon-resultados\/attachment\/vii-compe-plafon-2013-10\/\"><img loading=\"lazy\" decoding=\"async\" width=\"150\" height=\"150\" src=\"https:\/\/www.elplafon.es\/w\/wp-content\/uploads\/2013\/11\/vii-compe-plafon-2013-10-300x300.jpg\" class=\"attachment-thumbnail size-thumbnail\" alt=\"\" \/><\/a>\n\t\t\t<\/div><\/figure><figure class='gallery-item'>\n\t\t\t<div class='gallery-icon portrait'>\n\t\t\t\t<a href=\"https:\/\/www.elplafon.es\/w\/noticias\/vii-competicion-de-escalada-en-bloque-indoor-el-plafon-resultados\/attachment\/vii-compe-plafon-2013-11\/\"><img loading=\"lazy\" decoding=\"async\" width=\"150\" height=\"150\" src=\"https:\/\/www.elplafon.es\/w\/wp-content\/uploads\/2013\/11\/vii-compe-plafon-2013-11-300x300.jpg\" class=\"attachment-thumbnail size-thumbnail\" alt=\"\" \/><\/a>\n\t\t\t<\/div><\/figure><figure class='gallery-item'>\n\t\t\t<div class='gallery-icon portrait'>\n\t\t\t\t<a href=\"https:\/\/www.elplafon.es\/w\/noticias\/vii-competicion-de-escalada-en-bloque-indoor-el-plafon-resultados\/attachment\/vii-compe-plafon-2013-12\/\"><img loading=\"lazy\" decoding=\"async\" width=\"150\" height=\"150\" src=\"https:\/\/www.elplafon.es\/w\/wp-content\/uploads\/2013\/11\/vii-compe-plafon-2013-12-300x300.jpg\" class=\"attachment-thumbnail size-thumbnail\" alt=\"\" \/><\/a>\n\t\t\t<\/div><\/figure><figure class='gallery-item'>\n\t\t\t<div class='gallery-icon portrait'>\n\t\t\t\t<a href=\"https:\/\/www.elplafon.es\/w\/noticias\/vii-competicion-de-escalada-en-bloque-indoor-el-plafon-resultados\/attachment\/vii-compe-plafon-2013-13\/\"><img loading=\"lazy\" decoding=\"async\" width=\"150\" height=\"150\" src=\"https:\/\/www.elplafon.es\/w\/wp-content\/uploads\/2013\/11\/vii-compe-plafon-2013-13-300x300.jpg\" class=\"attachment-thumbnail size-thumbnail\" alt=\"\" \/><\/a>\n\t\t\t<\/div><\/figure><figure class='gallery-item'>\n\t\t\t<div class='gallery-icon portrait'>\n\t\t\t\t<a href=\"https:\/\/www.elplafon.es\/w\/noticias\/vii-competicion-de-escalada-en-bloque-indoor-el-plafon-resultados\/attachment\/vii-compe-plafon-2013-14\/\"><img loading=\"lazy\" decoding=\"async\" width=\"150\" height=\"150\" src=\"https:\/\/www.elplafon.es\/w\/wp-content\/uploads\/2013\/11\/vii-compe-plafon-2013-14-300x300.jpg\" class=\"attachment-thumbnail size-thumbnail\" alt=\"\" \/><\/a>\n\t\t\t<\/div><\/figure><figure class='gallery-item'>\n\t\t\t<div class='gallery-icon portrait'>\n\t\t\t\t<a href=\"https:\/\/www.elplafon.es\/w\/noticias\/vii-competicion-de-escalada-en-bloque-indoor-el-plafon-resultados\/attachment\/vii-compe-plafon-2013-15\/\"><img loading=\"lazy\" decoding=\"async\" width=\"150\" height=\"150\" src=\"https:\/\/www.elplafon.es\/w\/wp-content\/uploads\/2013\/11\/vii-compe-plafon-2013-15-300x300.jpg\" class=\"attachment-thumbnail size-thumbnail\" alt=\"\" \/><\/a>\n\t\t\t<\/div><\/figure><figure class='gallery-item'>\n\t\t\t<div class='gallery-icon portrait'>\n\t\t\t\t<a href=\"https:\/\/www.elplafon.es\/w\/noticias\/vii-competicion-de-escalada-en-bloque-indoor-el-plafon-resultados\/attachment\/vii-compe-plafon-2013-16\/\"><img loading=\"lazy\" decoding=\"async\" width=\"150\" height=\"150\" src=\"https:\/\/www.elplafon.es\/w\/wp-content\/uploads\/2013\/11\/vii-compe-plafon-2013-16-300x300.jpg\" class=\"attachment-thumbnail size-thumbnail\" alt=\"\" \/><\/a>\n\t\t\t<\/div><\/figure>\n\t\t<\/div>\n\n","protected":false},"excerpt":{"rendered":"<p>El pasado s\u00e1bado 23 de noviembre tuvo lugar la VII edici\u00f3n de la C0mpetici\u00f3n de Bloque Indoor El Plaf\u00f3n. Escaladores de toda la provincia, as\u00ed como algunos de Andaluc\u00eda, se dieron cita en esta competici\u00f3n que ya va por su s\u00e9ptimo a\u00f1o.<\/p>\n","protected":false},"author":2,"featured_media":0,"comment_status":"open","ping_status":"closed","sticky":false,"template":"","format":"standard","meta":{"footnotes":""},"categories":[10],"tags":[49,48,19],"class_list":["post-1708","post","type-post","status-publish","format-standard","hentry","category-noticias","tag-bloque","tag-competicion","tag-escalada","odd"],"_links":{"self":[{"href":"https:\/\/www.elplafon.es\/w\/wp-json\/wp\/v2\/posts\/1708","targetHints":{"allow":["GET"]}}],"collection":[{"href":"https:\/\/www.elplafon.es\/w\/wp-json\/wp\/v2\/posts"}],"about":[{"href":"https:\/\/www.elplafon.es\/w\/wp-json\/wp\/v2\/types\/post"}],"author":[{"embeddable":true,"href":"https:\/\/www.elplafon.es\/w\/wp-json\/wp\/v2\/users\/2"}],"replies":[{"embeddable":true,"href":"https:\/\/www.elplafon.es\/w\/wp-json\/wp\/v2\/comments?post=1708"}],"version-history":[{"count":3,"href":"https:\/\/www.elplafon.es\/w\/wp-json\/wp\/v2\/posts\/1708\/revisions"}],"predecessor-version":[{"id":1751,"href":"https:\/\/www.elplafon.es\/w\/wp-json\/wp\/v2\/posts\/1708\/revisions\/1751"}],"wp:attachment":[{"href":"https:\/\/www.elplafon.es\/w\/wp-json\/wp\/v2\/media?parent=1708"}],"wp:term":[{"taxonomy":"category","embeddable":true,"href":"https:\/\/www.elplafon.es\/w\/wp-json\/wp\/v2\/categories?post=1708"},{"taxonomy":"post_tag","embeddable":true,"href":"https:\/\/www.elplafon.es\/w\/wp-json\/wp\/v2\/tags?post=1708"}],"curies":[{"name":"wp","href":"https:\/\/api.w.org\/{rel}","templated":true}]}}