{"id":1601,"date":"2013-07-08T02:44:34","date_gmt":"2013-07-08T00:44:34","guid":{"rendered":"http:\/\/www.elplafon.es\/w\/?p=1601"},"modified":"2013-07-08T02:44:34","modified_gmt":"2013-07-08T00:44:34","slug":"via-la-de-siempre-iv-v-v","status":"publish","type":"post","link":"https:\/\/www.elplafon.es\/w\/croquis\/via-la-de-siempre-iv-v-v\/","title":{"rendered":"V\u00eda La de siempre (IV &#8211; V+ &#8211; V)"},"content":{"rendered":"<p><img loading=\"lazy\" decoding=\"async\" class=\"aligncenter size-full wp-image-1593\" alt=\"Croquis via Rompecoches\" src=\"http:\/\/www.elplafon.es\/w\/wp-content\/uploads\/2013\/07\/Croquis-via-Rompecoches.jpg\" width=\"673\" height=\"1200\" srcset=\"https:\/\/www.elplafon.es\/w\/wp-content\/uploads\/2013\/07\/Croquis-via-Rompecoches.jpg 673w, https:\/\/www.elplafon.es\/w\/wp-content\/uploads\/2013\/07\/Croquis-via-Rompecoches-168x300.jpg 168w\" sizes=\"auto, (max-width: 673px) 100vw, 673px\" \/><br \/>\nAbierta por Juan Andr\u00e9s y Pepe el d\u00eda 6-07-2013.<\/p>\n<p>Completamente equipada. Tiene reuniones rapelables. Es una v\u00eda f\u00e1cil y de estilo deportivo.<\/p>\n<h2>Croquis de la v\u00eda:<\/h2>\n<p>Es el mismo que el de la <a href=\"http:\/\/www.elplafon.es\/w\/croquis\/via-rompecoches-iv-6a\/\" target=\"_blank\">V\u00eda rompecoches<\/a>.<\/p>\n","protected":false},"excerpt":{"rendered":"<p>Abierta por Juan Andr\u00e9s y Pepe el d\u00eda 6-07-2013. Completamente equipada. Tiene reuniones rapelables. Es una v\u00eda f\u00e1cil y de estilo deportivo. Croquis de la v\u00eda: Es el mismo que el de la V\u00eda rompecoches.<\/p>\n","protected":false},"author":2,"featured_media":0,"comment_status":"open","ping_status":"closed","sticky":false,"template":"","format":"standard","meta":{"footnotes":""},"categories":[13],"tags":[],"class_list":["post-1601","post","type-post","status-publish","format-standard","hentry","category-croquis","odd"],"_links":{"self":[{"href":"https:\/\/www.elplafon.es\/w\/wp-json\/wp\/v2\/posts\/1601","targetHints":{"allow":["GET"]}}],"collection":[{"href":"https:\/\/www.elplafon.es\/w\/wp-json\/wp\/v2\/posts"}],"about":[{"href":"https:\/\/www.elplafon.es\/w\/wp-json\/wp\/v2\/types\/post"}],"author":[{"embeddable":true,"href":"https:\/\/www.elplafon.es\/w\/wp-json\/wp\/v2\/users\/2"}],"replies":[{"embeddable":true,"href":"https:\/\/www.elplafon.es\/w\/wp-json\/wp\/v2\/comments?post=1601"}],"version-history":[{"count":1,"href":"https:\/\/www.elplafon.es\/w\/wp-json\/wp\/v2\/posts\/1601\/revisions"}],"predecessor-version":[{"id":1602,"href":"https:\/\/www.elplafon.es\/w\/wp-json\/wp\/v2\/posts\/1601\/revisions\/1602"}],"wp:attachment":[{"href":"https:\/\/www.elplafon.es\/w\/wp-json\/wp\/v2\/media?parent=1601"}],"wp:term":[{"taxonomy":"category","embeddable":true,"href":"https:\/\/www.elplafon.es\/w\/wp-json\/wp\/v2\/categories?post=1601"},{"taxonomy":"post_tag","embeddable":true,"href":"https:\/\/www.elplafon.es\/w\/wp-json\/wp\/v2\/tags?post=1601"}],"curies":[{"name":"wp","href":"https:\/\/api.w.org\/{rel}","templated":true}]}}