{"id":1598,"date":"2013-07-08T02:41:39","date_gmt":"2013-07-08T00:41:39","guid":{"rendered":"http:\/\/www.elplafon.es\/w\/?p=1598"},"modified":"2013-07-08T02:45:19","modified_gmt":"2013-07-08T00:45:19","slug":"via-de-los-bomberos-iv-iv","status":"publish","type":"post","link":"https:\/\/www.elplafon.es\/w\/croquis\/via-de-los-bomberos-iv-iv\/","title":{"rendered":"V\u00eda de los bomberos (IV &#8211; IV)"},"content":{"rendered":"<p><img loading=\"lazy\" decoding=\"async\" class=\"aligncenter size-full wp-image-1593\" alt=\"Croquis via Rompecoches\" src=\"http:\/\/www.elplafon.es\/w\/wp-content\/uploads\/2013\/07\/Croquis-via-Rompecoches.jpg\" width=\"673\" height=\"1200\" srcset=\"https:\/\/www.elplafon.es\/w\/wp-content\/uploads\/2013\/07\/Croquis-via-Rompecoches.jpg 673w, https:\/\/www.elplafon.es\/w\/wp-content\/uploads\/2013\/07\/Croquis-via-Rompecoches-168x300.jpg 168w\" sizes=\"auto, (max-width: 673px) 100vw, 673px\" \/><br \/>\nAbierta por Juan Andr\u00e9s y Pepe el d\u00eda 6-07-2013.<\/p>\n<p>Se trata de una v\u00eda de escalada semiequipada. El primer largo est\u00e1 limpio, subimos por la canal que hay, protegiendo por la pared de la izquierda a nuestra subida hasta llegar a dos chapas que ser\u00e1n nuestra primera reuni\u00f3n. El segundo largo cuenta con tres chapas y un clavo, necesitar\u00e1s algunos friends y empotradores para hacer el largo, se protege muy bien.<br \/>\nEl segundo largo empieza con una traves\u00eda evidente de unos tres metros a la izquierda de la reuni\u00f3n (se ven dos chapas desde la reuni\u00f3n) subir siguiendo las tres primeras chapas y el clavo y el resto por terreno facil dentro de una canal de roca, protegiendo con fisureros hasta llegar al top en el que encontramos la reuni\u00f3n (dos chapas con mosquet\u00f3n) desde donde podremos bajar de un solo rapel de 55m al suelo.<\/p>\n<h2>Croquis de la v\u00eda:<\/h2>\n<p>Es el mismo que el de la <a href=\"http:\/\/www.elplafon.es\/w\/croquis\/via-rompecoches-iv-6a\/\" target=\"_blank\">V\u00eda rompecoches<\/a>.<\/p>\n","protected":false},"excerpt":{"rendered":"<p>Abierta por Juan Andr\u00e9s y Pepe el d\u00eda 6-07-2013. Se trata de una v\u00eda de escalada semiequipada. El primer largo est\u00e1 limpio, subimos por la canal que hay, protegiendo por la pared de la izquierda a nuestra subida hasta llegar a dos chapas que ser\u00e1n nuestra primera reuni\u00f3n. El segundo largo cuenta con tres chapas [&hellip;]<\/p>\n","protected":false},"author":2,"featured_media":0,"comment_status":"open","ping_status":"closed","sticky":false,"template":"","format":"standard","meta":{"footnotes":""},"categories":[13],"tags":[],"class_list":["post-1598","post","type-post","status-publish","format-standard","hentry","category-croquis","odd"],"_links":{"self":[{"href":"https:\/\/www.elplafon.es\/w\/wp-json\/wp\/v2\/posts\/1598","targetHints":{"allow":["GET"]}}],"collection":[{"href":"https:\/\/www.elplafon.es\/w\/wp-json\/wp\/v2\/posts"}],"about":[{"href":"https:\/\/www.elplafon.es\/w\/wp-json\/wp\/v2\/types\/post"}],"author":[{"embeddable":true,"href":"https:\/\/www.elplafon.es\/w\/wp-json\/wp\/v2\/users\/2"}],"replies":[{"embeddable":true,"href":"https:\/\/www.elplafon.es\/w\/wp-json\/wp\/v2\/comments?post=1598"}],"version-history":[{"count":3,"href":"https:\/\/www.elplafon.es\/w\/wp-json\/wp\/v2\/posts\/1598\/revisions"}],"predecessor-version":[{"id":1605,"href":"https:\/\/www.elplafon.es\/w\/wp-json\/wp\/v2\/posts\/1598\/revisions\/1605"}],"wp:attachment":[{"href":"https:\/\/www.elplafon.es\/w\/wp-json\/wp\/v2\/media?parent=1598"}],"wp:term":[{"taxonomy":"category","embeddable":true,"href":"https:\/\/www.elplafon.es\/w\/wp-json\/wp\/v2\/categories?post=1598"},{"taxonomy":"post_tag","embeddable":true,"href":"https:\/\/www.elplafon.es\/w\/wp-json\/wp\/v2\/tags?post=1598"}],"curies":[{"name":"wp","href":"https:\/\/api.w.org\/{rel}","templated":true}]}}