{"id":1592,"date":"2013-07-08T02:35:10","date_gmt":"2013-07-08T00:35:10","guid":{"rendered":"http:\/\/www.elplafon.es\/w\/?p=1592"},"modified":"2013-07-08T02:46:25","modified_gmt":"2013-07-08T00:46:25","slug":"via-rompecoches-iv-6a","status":"publish","type":"post","link":"https:\/\/www.elplafon.es\/w\/croquis\/via-rompecoches-iv-6a\/","title":{"rendered":"V\u00eda Rompecoches (IV &#8211; 6a)"},"content":{"rendered":"<p><img loading=\"lazy\" decoding=\"async\" class=\"aligncenter size-full wp-image-1593\" alt=\"Croquis via Rompecoches\" src=\"http:\/\/www.elplafon.es\/w\/wp-content\/uploads\/2013\/07\/Croquis-via-Rompecoches.jpg\" width=\"673\" height=\"1200\" srcset=\"https:\/\/www.elplafon.es\/w\/wp-content\/uploads\/2013\/07\/Croquis-via-Rompecoches.jpg 673w, https:\/\/www.elplafon.es\/w\/wp-content\/uploads\/2013\/07\/Croquis-via-Rompecoches-168x300.jpg 168w\" sizes=\"auto, (max-width: 673px) 100vw, 673px\" \/><br \/>\nAbierta por Juan Andr\u00e9s y Pepe el d\u00eda 6-07-2013.<\/p>\n<p>La v\u00eda tiene el primer largo en com\u00fan con la <a href=\"http:\/\/www.elplafon.es\/w\/croquis\/via-de-los-bomberos-iv-iv\/\">V\u00eda de los bomberos<\/a>. El primer largo es IV. Empieza un poco a la derecha de donde comienza la <a href=\"http:\/\/www.elplafon.es\/w\/croquis\/via-la-de-siempre-iv-v-v\/\">V\u00eda la de siempre<\/a>. Este largo va por un canal grande que hay protegiendo por la pared de la izquierda a nuestra subida, sin complicaciones, se protege muy bien. Ojo, est\u00e1 un poco sucio de vegetaci\u00f3n.<br \/>\nEl segundo largo es muy evidente. Es justo la fisura desplomada que est\u00e1 sobre nosotros a la derecha desde la primera reuni\u00f3n. Subid por la fisura hasta que en la parte de arriba, sale justo un poco a la izquierda de un \u00e1rbol evidente que hay en la cima. Montad la reuni\u00f3n con dos friends y un empotrador en una repisa grande. El rapel de descenso se hace desde la \u00faltima reuni\u00f3n de la v\u00eda de los bomberos (dos chapas y mosquet\u00f3n), 55 m de rapel nos dejar\u00e1n en el suelo.<\/p>\n<h2>Croquis de la v\u00eda:<\/h2>\n<div class=\"attachments\"><dl class=\"attachments attachments-large\"><dt class=\"icon\">\r\n\t<a title=\"Croquis via Rompecoches\" href=\"https:\/\/www.elplafon.es\/w\/croquis\/via-rompecoches-iv-6a\/?aid=1594&sa=0\" >\r\n\t\t<img loading=\"lazy\" decoding=\"async\" src=\"https:\/\/www.elplafon.es\/w\/wp-content\/plugins\/eg-attachments\/img\/flags\/document.png\" width=\"48\" height=\"48\"  alt=\"Croquis via Rompecoches\" \/>\r\n\t<\/a>\r\n<\/dt>\r\n<dd class=\"caption\">\r\n\t<strong>T\u00edtulo<\/strong>: <a title=\"Croquis via Rompecoches\" href=\"https:\/\/www.elplafon.es\/w\/croquis\/via-rompecoches-iv-6a\/?aid=1594&sa=0\" >Croquis via Rompecoches<\/a> (0 click)\r\n\t<br\/>\r\n\t<strong>Leyenda<\/strong>: \r\n\t<br\/>\r\n\t<strong>Filename<\/strong>: croquis-via-rompecoches-2.pdf\r\n\t<br\/>\r\n\t<strong>Size<\/strong>: 169 KB\r\n<\/dd>\r\n<\/dl><p><\/p><\/div>\n","protected":false},"excerpt":{"rendered":"<p>Abierta por Juan Andr\u00e9s y Pepe el d\u00eda 6-07-2013. La v\u00eda tiene el primer largo en com\u00fan con la V\u00eda de los bomberos. El primer largo es IV. Empieza un poco a la derecha de donde comienza la V\u00eda la de siempre. Este largo va por un canal grande que hay protegiendo por la pared [&hellip;]<\/p>\n","protected":false},"author":2,"featured_media":0,"comment_status":"open","ping_status":"closed","sticky":false,"template":"","format":"standard","meta":{"footnotes":""},"categories":[13],"tags":[],"class_list":["post-1592","post","type-post","status-publish","format-standard","hentry","category-croquis","odd"],"_links":{"self":[{"href":"https:\/\/www.elplafon.es\/w\/wp-json\/wp\/v2\/posts\/1592","targetHints":{"allow":["GET"]}}],"collection":[{"href":"https:\/\/www.elplafon.es\/w\/wp-json\/wp\/v2\/posts"}],"about":[{"href":"https:\/\/www.elplafon.es\/w\/wp-json\/wp\/v2\/types\/post"}],"author":[{"embeddable":true,"href":"https:\/\/www.elplafon.es\/w\/wp-json\/wp\/v2\/users\/2"}],"replies":[{"embeddable":true,"href":"https:\/\/www.elplafon.es\/w\/wp-json\/wp\/v2\/comments?post=1592"}],"version-history":[{"count":5,"href":"https:\/\/www.elplafon.es\/w\/wp-json\/wp\/v2\/posts\/1592\/revisions"}],"predecessor-version":[{"id":1599,"href":"https:\/\/www.elplafon.es\/w\/wp-json\/wp\/v2\/posts\/1592\/revisions\/1599"}],"wp:attachment":[{"href":"https:\/\/www.elplafon.es\/w\/wp-json\/wp\/v2\/media?parent=1592"}],"wp:term":[{"taxonomy":"category","embeddable":true,"href":"https:\/\/www.elplafon.es\/w\/wp-json\/wp\/v2\/categories?post=1592"},{"taxonomy":"post_tag","embeddable":true,"href":"https:\/\/www.elplafon.es\/w\/wp-json\/wp\/v2\/tags?post=1592"}],"curies":[{"name":"wp","href":"https:\/\/api.w.org\/{rel}","templated":true}]}}