{"id":1579,"date":"2013-07-03T11:44:58","date_gmt":"2013-07-03T09:44:58","guid":{"rendered":"http:\/\/www.elplafon.es\/w\/?p=1579"},"modified":"2013-07-03T11:48:26","modified_gmt":"2013-07-03T09:48:26","slug":"via-1-de-julio-croquis","status":"publish","type":"post","link":"https:\/\/www.elplafon.es\/w\/croquis\/via-1-de-julio-croquis\/","title":{"rendered":"V\u00eda 1 de Julio &#8211; Croquis"},"content":{"rendered":"<p><img loading=\"lazy\" decoding=\"async\" class=\"aligncenter size-full wp-image-1580\" alt=\"Rese\u00f1a v\u00eda 1 de julio\" src=\"http:\/\/www.elplafon.es\/w\/wp-content\/uploads\/2013\/07\/Rese\u00f1a-v\u00eda-1-de-julio.jpg\" width=\"800\" height=\"600\" srcset=\"https:\/\/www.elplafon.es\/w\/wp-content\/uploads\/2013\/07\/Rese\u00f1a-v\u00eda-1-de-julio.jpg 800w, https:\/\/www.elplafon.es\/w\/wp-content\/uploads\/2013\/07\/Rese\u00f1a-v\u00eda-1-de-julio-300x225.jpg 300w\" sizes=\"auto, (max-width: 800px) 100vw, 800px\" \/><br \/>\n<!--more--><br \/>\nLa v\u00eda se ha limpiado. Ha sido abierta desde abajo y solo se dej\u00f3 un clavo, justo antes de la primera reuni\u00f3n.<\/p>\n<p>Comienza el primer largo (V) con un peque\u00f1o desplome, f\u00e1cil de proteger y con un paso de V. El resto es IV hasta la reuni\u00f3n que se monta en una repisa c\u00f3moda. La reuni\u00f3n se monta con dos friend y un empotrador. Justo antes de esta reuni\u00f3n hay un clavo para proteger un paso de confianza.<\/p>\n<p>El segundo largo (V) sale desde la reuni\u00f3n por una placa f\u00e1cil de IV con tendencia a la derecha, subimos con tendencia a la derecha por la placa hasta llegar a una canal de rocas donde ya subimos por terreno m\u00e1s f\u00e1cil. La placa se protege con un par de friends. Es algo expuesta, pero muy f\u00e1cil de escalar. Despu\u00e9s de la canal rocosa llegamos a un peque\u00f1o techito (paso clave del segundo largo). Debajo del techo hay dos puentes de roca para proteger el paso. Pasando este techo el terreno es ya evidente. Todo para arriba con pasos de IV hasta llegar a un \u00e1rbol que se encuentra un poco a la izquierda de la canal de roca por donde subimos. La reuni\u00f3n se monta justo por encima del \u00e1rbol en una buena repisa que hay.<\/p>\n<p>El rapel de bajada se hace por la v\u00eda \u00abLa de siempre\u00bb que se encuentra justo a la izquierda, a unos 10 metros. Tiene dos chapas con maill\u00f3n y mosquet\u00f3n. El rapel es de 55 metros.<\/p>\n<p>La v\u00eda ha sido abierta por Juan Andr\u00e9s y Pepe el 1 de julio de 2013.<\/p>\n<p>&nbsp;<\/p>\n<div class=\"attachments\"><dl class=\"attachments attachments-large\"><dt class=\"icon\">\r\n\t<a title=\"Croquis v\u00eda 1 de julio\" href=\"https:\/\/www.elplafon.es\/w\/croquis\/via-1-de-julio-croquis\/?aid=1590&sa=0\" >\r\n\t\t<img loading=\"lazy\" decoding=\"async\" src=\"https:\/\/www.elplafon.es\/w\/wp-content\/plugins\/eg-attachments\/img\/flags\/document.png\" width=\"48\" height=\"48\"  alt=\"Croquis v\u00eda 1 de julio\" \/>\r\n\t<\/a>\r\n<\/dt>\r\n<dd class=\"caption\">\r\n\t<strong>T\u00edtulo<\/strong>: <a title=\"Croquis v\u00eda 1 de julio\" href=\"https:\/\/www.elplafon.es\/w\/croquis\/via-1-de-julio-croquis\/?aid=1590&sa=0\" >Croquis v\u00eda 1 de julio<\/a> (0 click)\r\n\t<br\/>\r\n\t<strong>Leyenda<\/strong>: \r\n\t<br\/>\r\n\t<strong>Filename<\/strong>: croquis-via-1-de-julio.pdf\r\n\t<br\/>\r\n\t<strong>Size<\/strong>: 1 MB\r\n<\/dd>\r\n<\/dl><p><\/p><\/div>\n","protected":false},"excerpt":{"rendered":"","protected":false},"author":2,"featured_media":0,"comment_status":"open","ping_status":"closed","sticky":false,"template":"","format":"standard","meta":{"footnotes":""},"categories":[13],"tags":[],"class_list":["post-1579","post","type-post","status-publish","format-standard","hentry","category-croquis","odd"],"_links":{"self":[{"href":"https:\/\/www.elplafon.es\/w\/wp-json\/wp\/v2\/posts\/1579","targetHints":{"allow":["GET"]}}],"collection":[{"href":"https:\/\/www.elplafon.es\/w\/wp-json\/wp\/v2\/posts"}],"about":[{"href":"https:\/\/www.elplafon.es\/w\/wp-json\/wp\/v2\/types\/post"}],"author":[{"embeddable":true,"href":"https:\/\/www.elplafon.es\/w\/wp-json\/wp\/v2\/users\/2"}],"replies":[{"embeddable":true,"href":"https:\/\/www.elplafon.es\/w\/wp-json\/wp\/v2\/comments?post=1579"}],"version-history":[{"count":8,"href":"https:\/\/www.elplafon.es\/w\/wp-json\/wp\/v2\/posts\/1579\/revisions"}],"predecessor-version":[{"id":1588,"href":"https:\/\/www.elplafon.es\/w\/wp-json\/wp\/v2\/posts\/1579\/revisions\/1588"}],"wp:attachment":[{"href":"https:\/\/www.elplafon.es\/w\/wp-json\/wp\/v2\/media?parent=1579"}],"wp:term":[{"taxonomy":"category","embeddable":true,"href":"https:\/\/www.elplafon.es\/w\/wp-json\/wp\/v2\/categories?post=1579"},{"taxonomy":"post_tag","embeddable":true,"href":"https:\/\/www.elplafon.es\/w\/wp-json\/wp\/v2\/tags?post=1579"}],"curies":[{"name":"wp","href":"https:\/\/api.w.org\/{rel}","templated":true}]}}